{"id":1069,"date":"2022-12-01T13:00:52","date_gmt":"2022-12-01T12:00:52","guid":{"rendered":"http:\/\/psig.huma-num.fr\/cartes-sensibles\/?p=1069"},"modified":"2023-01-23T11:21:39","modified_gmt":"2023-01-23T10:21:39","slug":"le-bien-etre-thermique-sur-le-campus-descartes","status":"publish","type":"post","link":"http:\/\/psig.huma-num.fr\/cartes-sensibles\/le-bien-etre-thermique-sur-le-campus-descartes\/","title":{"rendered":"Le bien-\u00eatre thermique sur le campus Descartes &#8211; Carte collective EUP"},"content":{"rendered":"\n<figure class=\"wp-block-image size-full\"><img loading=\"lazy\" decoding=\"async\" width=\"1605\" height=\"1241\" src=\"http:\/\/psig.huma-num.fr\/cartes-sensibles\/wp-content\/uploads\/2022\/12\/2022-12-01-12-35_page-0001.jpg\" alt=\"\" class=\"wp-image-1073\" \/><\/figure>\n\n\n\n<p><\/p>\n\n\n\n<p><strong>Recherche documentaire\u00a0:<\/strong><\/p>\n\n\n\n<p>Nous avons fait de la recherche documentaire pour d\u00e9terminer les points de vigilance \u00e0 prendre en consid\u00e9ration pour notre travail d\u2019exp\u00e9rimentation sur le bien-\u00eatre thermique sur le campus Descartes. En effet, nous avons appris que le bien-\u00eatre thermique ne d\u00e9pendait pas seulement de la sensation de chaleur (\u00eelots de chaleur) mais aussi la pluie, l\u2019humidit\u00e9, le vent, la fraicheur, l\u2019ombre.<\/p>\n\n\n\n<p><strong>Protocole d\u2019enqu\u00eate\u00a0:<\/strong><\/p>\n\n\n\n<p>Nous avons fait le choix de r\u00e9aliser une grille d\u2019observation nous permettant de justifier nos hypoth\u00e8ses. L\u2019id\u00e9e des micro-trottoir nous paraissait assez difficile \u00e0 r\u00e9aliser dans la mesure o\u00f9 l\u2019on dispose de peu de temps pour faire prendre connaissance du sujet aupr\u00e8s des enqu\u00eat\u00e9.e.s, car le terme de bien-\u00eatre thermique peut \u00eatre relativement complexe. De plus, nous n\u2019avons trouv\u00e9 personne sur le campus lors de notre itin\u00e9raire. Nous avons donc \u00e9t\u00e9 \u00e0 la fois enqu\u00eateurs et enqu\u00eat\u00e9s.<\/p>\n\n\n\n<figure class=\"wp-block-table\"><table><tbody><tr><td>Questions<\/td><td>Indicateurs<\/td><\/tr><tr><td>Y-a-t-il un inconfort li\u00e9 aux couloirs de vents, \u00e0 la pluie&nbsp;?<\/td><td>Entre immeubles en allant vers la gareAbris busEspace devant Copernic<\/td><\/tr><tr><td>Y-a-t-il des \u00eelots de chaleur&nbsp;?<\/td><td>Densit\u00e9 de b\u00e2timents<\/td><\/tr><tr><td>Quels sont les espaces les plus frais&nbsp;?<\/td><td>Espaces bois\u00e9sEspaces ombrag\u00e9s<\/td><\/tr><\/tbody><\/table><\/figure>\n\n\n\n<p>Nous allons mener une enqu\u00eate par l\u2019observation pour l\u2019hiver. Quant \u00e0 l\u2019\u00e9t\u00e9, nous aurions souhait\u00e9 effectuer un questionnaire pour \u00e9mettre des projections, puisque nous ne l\u2019avons pas exp\u00e9riment\u00e9. Le questionnaire aurait servi notamment \u00e0 v\u00e9rifier nos hypoth\u00e8ses telles que les \u00eelots de chaleur et l\u2019hygrom\u00e9trie.<br><\/p>\n\n\n\n<figure class=\"wp-block-table\"><table><tbody><tr><td>Et\u00e9 (questionnaire que nous aurions voulu faire)<\/td><td>Hiver (observation)<\/td><\/tr><tr><td>Chaleur (li\u00e9e aux mat\u00e9riaux)<\/td><td>Vents<\/td><\/tr><tr><td>Hygrom\u00e9trie<\/td><td>Am\u00e9nagements (arbres, abris bus)<\/td><\/tr><\/tbody><\/table><\/figure>\n\n\n\n<p><\/p>\n\n\n\n<p>Questionnaire Et\u00e9\u00a0:<\/p>\n\n\n\n<p><strong>Question 1&nbsp;:<\/strong><\/p>\n\n\n\n<p><strong>Pour vous quel est le mois le plus chaud en \u00e9t\u00e9 ?<\/strong><\/p>\n\n\n\n<ul class=\"wp-block-list\">\n<li>Juin<\/li>\n\n\n\n<li>Juillet<\/li>\n\n\n\n<li>Aout<\/li>\n<\/ul>\n\n\n\n<p><strong>Question 2&nbsp;:<\/strong><\/p>\n\n\n\n<p><strong>Comment sentez-vous dans votre quartier en \u00e9t\u00e9 ?<\/strong><\/p>\n\n\n\n<ul class=\"wp-block-list\">\n<li>Confortable<\/li>\n\n\n\n<li>Inconfortable<\/li>\n<\/ul>\n\n\n\n<p><strong>Question 3&nbsp;:<\/strong><\/p>\n\n\n\n<p><strong>L\u2019ombrage dans votre quartier est-il ?<\/strong><\/p>\n\n\n\n<ul class=\"wp-block-list\">\n<li>Bon<\/li>\n\n\n\n<li>Normal<\/li>\n\n\n\n<li>Mauvais<\/li>\n\n\n\n<li>Absent<\/li>\n<\/ul>\n\n\n\n<p><strong>Question 4&nbsp;:<\/strong><\/p>\n\n\n\n<p><strong>Estimez-vous qu\u2019il y a suffisamment d\u2019ombre dans votre quartier&nbsp;?<\/strong><\/p>\n\n\n\n<ul class=\"wp-block-list\">\n<li>Oui<\/li>\n\n\n\n<li>Non<\/li>\n<\/ul>\n\n\n\n<p><strong>Question 5&nbsp;:<\/strong><\/p>\n\n\n\n<p><strong>Avez-vous des espaces verts dans votre quartier ?<\/strong><\/p>\n\n\n\n<ul class=\"wp-block-list\">\n<li>Oui<\/li>\n\n\n\n<li>Non<\/li>\n<\/ul>\n\n\n\n<p><strong>Si oui, est ce que la verdure est suffisante pour rafra\u00eechir l\u2019air de votre quartier ?<\/strong><\/p>\n\n\n\n<ul class=\"wp-block-list\">\n<li>Oui<\/li>\n\n\n\n<li>Non<\/li>\n<\/ul>\n\n\n\n<p><strong>Question 6&nbsp;:<\/strong><\/p>\n\n\n\n<p><strong>Comment qualifiez-vous globalement le climat ext\u00e9rieur dans votre quartier en \u00e9t\u00e9 ?<\/strong><\/p>\n\n\n\n<ul class=\"wp-block-list\">\n<li>Tr\u00e8s Froid<\/li>\n\n\n\n<li>Froid<\/li>\n\n\n\n<li>Neutre<\/li>\n\n\n\n<li>Chaud<\/li>\n\n\n\n<li>Tr\u00e8s chaud<\/li>\n<\/ul>\n\n\n\n<p><strong>Question 7&nbsp;:<\/strong><\/p>\n\n\n\n<p><strong>Comment ressentez-vous les courants d\u2019airs dans votre quartier&nbsp;?<\/strong><\/p>\n\n\n\n<ul class=\"wp-block-list\">\n<li>Tr\u00e8s \u00e9lev\u00e9<\/li>\n\n\n\n<li>Elev\u00e9<\/li>\n\n\n\n<li>Moyen<\/li>\n\n\n\n<li>L\u00e9ger<\/li>\n\n\n\n<li>Calme<\/li>\n<\/ul>\n\n\n\n<p><strong>Question 8&nbsp;:<\/strong><\/p>\n\n\n\n<p><strong>Comment qualifiez-vous l\u2019air&nbsp;?<\/strong><\/p>\n\n\n\n<ul class=\"wp-block-list\">\n<li>Tr\u00e8s Humide<\/li>\n\n\n\n<li>Humide<\/li>\n\n\n\n<li>Neutre<\/li>\n\n\n\n<li>Sec<\/li>\n\n\n\n<li>Tr\u00e9s Sec<\/li>\n<\/ul>\n\n\n\n<p><strong>Question 9&nbsp;:<\/strong><\/p>\n\n\n\n<p><strong>Comment trouvez-vous l\u2019ambiance thermique dans les quartiers denses qui ont des ruelles \u00e9troites ?<\/strong><\/p>\n\n\n\n<ul class=\"wp-block-list\">\n<li>Confortable<\/li>\n\n\n\n<li>Inconfortable<\/li>\n<\/ul>\n\n\n\n<p><strong>Question 10&nbsp;:<\/strong><\/p>\n\n\n\n<p><strong>Quelle est votre saison pr\u00e9f\u00e9r\u00e9e pour passer du temps \u00e0 l\u2019ext\u00e9rieur dans votre quartier&nbsp;?<\/strong><\/p>\n\n\n\n<ul class=\"wp-block-list\">\n<li>\u00c9t\u00e9<\/li>\n\n\n\n<li>Hiver<\/li>\n\n\n\n<li>Printemps<\/li>\n\n\n\n<li>Automne<\/li>\n<\/ul>\n\n\n\n<p><strong>Question 11&nbsp;:<\/strong><\/p>\n\n\n\n<p><strong>Quel moment de la journ\u00e9e en \u00e9t\u00e9 vous semble le plus confortable thermiquement pour passer du temps en ext\u00e9rieur&nbsp;?<\/strong><\/p>\n\n\n\n<ul class=\"wp-block-list\">\n<li>La Matin\u00e9e<\/li>\n\n\n\n<li>Midi<\/li>\n\n\n\n<li>L\u2019apr\u00e8s Midi<\/li>\n\n\n\n<li>Le soir<\/li>\n<\/ul>\n\n\n\n<p><strong>Question 12&nbsp;:<\/strong><\/p>\n\n\n\n<p><strong>Comment jugez-vous l\u2019a\u00e9ration dans votre quartier ?<\/strong><\/p>\n\n\n\n<ul class=\"wp-block-list\">\n<li>Mal a\u00e9r\u00e9<\/li>\n\n\n\n<li>Bien a\u00e9r\u00e9<\/li>\n\n\n\n<li>Super a\u00e9r\u00e9<\/li>\n<\/ul>\n\n\n\n<p><\/p>\n\n\n\n<p><strong>Commentaire de carte\u00a0:<\/strong><\/p>\n\n\n\n<p>Nous avons d\u00e9cid\u00e9 de repr\u00e9senter les zones o\u00f9 nous avions du plus froid au moins froid, du violet au bleu clair, en passant par le bleu marine.  Les zones bleues sont les zones les plus agr\u00e9ables dans la mesure o\u00f9 elles sont abrit\u00e9es du vent, o\u00f9 on se sent plus au chaud. De plus, nous avons localis\u00e9 les lieux o\u00f9 il y avait beaucoup de vent par des bouts de tissus violets repr\u00e9sentant des drapeaux. Le vert fonc\u00e9 avec les arbres (align\u00e9s ou non) correspondent \u00e0 des zones arbor\u00e9es, en vert clair sont des prairies. Les zones min\u00e9rales sont en gris. Les b\u00e2timents avec les fl\u00e8ches sont \u00e0 trois \u00e9tages ou plus. Nous avons souhait\u00e9 montr\u00e9 la densit\u00e9 ou non de b\u00e2timents, associ\u00e9s aux courants d&#8217;air et la chaleur.<\/p>\n\n\n\n<p>Il aurait \u00e9t\u00e9 int\u00e9ressant de plus analyser notre vitesse de marche selon les endroits.  Nous aurions souhait\u00e9 savoir davantage comment r\u00e9aliser un protocole d&#8217;enqu\u00eate, avoir plus d&#8217;exp\u00e9rience et de connaissances.<\/p>\n","protected":false},"excerpt":{"rendered":"<p>Recherche documentaire\u00a0: Nous avons fait de la recherche documentaire pour d\u00e9terminer les points de vigilance \u00e0 prendre en consid\u00e9ration pour notre travail d\u2019exp\u00e9rimentation sur le bien-\u00eatre thermique sur le campus Descartes. En effet, nous avons appris que le bien-\u00eatre thermique ne d\u00e9pendait pas seulement de la sensation de chaleur (\u00eelots de chaleur) mais aussi la &hellip; <a href=\"http:\/\/psig.huma-num.fr\/cartes-sensibles\/le-bien-etre-thermique-sur-le-campus-descartes\/\" class=\"more-link\">Continuer la lecture de <span class=\"screen-reader-text\">Le bien-\u00eatre thermique sur le campus Descartes &#8211; Carte collective EUP<\/span>  <span class=\"meta-nav\">&rarr;<\/span><\/a><\/p>\n","protected":false},"author":2,"featured_media":0,"comment_status":"open","ping_status":"open","sticky":false,"template":"","format":"standard","meta":{"footnotes":""},"categories":[47],"tags":[],"class_list":["post-1069","post","type-post","status-publish","format-standard","hentry","category-carto-bien-etre-thermique-eup-2022"],"_links":{"self":[{"href":"http:\/\/psig.huma-num.fr\/cartes-sensibles\/wp-json\/wp\/v2\/posts\/1069","targetHints":{"allow":["GET"]}}],"collection":[{"href":"http:\/\/psig.huma-num.fr\/cartes-sensibles\/wp-json\/wp\/v2\/posts"}],"about":[{"href":"http:\/\/psig.huma-num.fr\/cartes-sensibles\/wp-json\/wp\/v2\/types\/post"}],"author":[{"embeddable":true,"href":"http:\/\/psig.huma-num.fr\/cartes-sensibles\/wp-json\/wp\/v2\/users\/2"}],"replies":[{"embeddable":true,"href":"http:\/\/psig.huma-num.fr\/cartes-sensibles\/wp-json\/wp\/v2\/comments?post=1069"}],"version-history":[{"count":9,"href":"http:\/\/psig.huma-num.fr\/cartes-sensibles\/wp-json\/wp\/v2\/posts\/1069\/revisions"}],"predecessor-version":[{"id":1081,"href":"http:\/\/psig.huma-num.fr\/cartes-sensibles\/wp-json\/wp\/v2\/posts\/1069\/revisions\/1081"}],"wp:attachment":[{"href":"http:\/\/psig.huma-num.fr\/cartes-sensibles\/wp-json\/wp\/v2\/media?parent=1069"}],"wp:term":[{"taxonomy":"category","embeddable":true,"href":"http:\/\/psig.huma-num.fr\/cartes-sensibles\/wp-json\/wp\/v2\/categories?post=1069"},{"taxonomy":"post_tag","embeddable":true,"href":"http:\/\/psig.huma-num.fr\/cartes-sensibles\/wp-json\/wp\/v2\/tags?post=1069"}],"curies":[{"name":"wp","href":"https:\/\/api.w.org\/{rel}","templated":true}]}}