{"id":286,"date":"2020-04-16T13:34:21","date_gmt":"2020-04-16T11:34:21","guid":{"rendered":"http:\/\/psig.huma-num.fr\/cartes-sensibles\/?p=286"},"modified":"2020-04-17T16:29:44","modified_gmt":"2020-04-17T14:29:44","slug":"confinement-sophie-gleizes","status":"publish","type":"post","link":"http:\/\/psig.huma-num.fr\/cartes-sensibles\/confinement-sophie-gleizes\/","title":{"rendered":"Confinement Sophie Gleizes"},"content":{"rendered":"\n<p><strong>Protocole d&#8217;une cartographie po\u00e9tique de mon insularisation<\/strong>  <\/p>\n\n\n\n<p>Je souhaiterais cartographier un aspect de mon exp\u00e9rience du confinement : la porosit\u00e9 des liens entre espaces physiques et imaginaires\/virtuels.<br>Mon exp\u00e9rience du confinement me semble \u00eatre inform\u00e9e par un \u201cdouble-choc spatial\u201d : 1) \u00e0 l\u2019annonce du confinement, j\u2019ai \u00e9t\u00e9 contrainte \u00e0 rentrer avec pr\u00e9cipitation de mon terrain dans la toundra sib\u00e9rienne 2) l\u2019acc\u00e8s \u00e0 mon espace de vie habituel m\u2019est interdit car la personne avec qui j\u2019y vis est \u00e0 haut risque. Entre J-7 et J, je suis donc pass\u00e9e sans transition des grandes \u00e9tendues du Nord &nbsp;\u00e0 25 m\u00e8tres2 partag\u00e9s \u00e0 deux, me donnant l\u2019impression d\u2019\u00e9voluer dans une sorte d\u2019espace limbique o\u00f9 la plupart de mes rep\u00e8res sont brouill\u00e9s. Les rep\u00e8res quotidiens du monde &#8220;physique&#8221; sont r\u00e9duits \u00e0 quelques essentiels : circulation entre diff\u00e9rentes pi\u00e8ces de l\u2019appartement, une course au supermarch\u00e9 de temps en temps, une promenade au bois de Vincennes, les applaudissements \u00e0 20h, le ciel au coucher du soleil.  J\u2019ai remarqu\u00e9 que plus mon espace physique de circulation se r\u00e9tracte en raison de mesures de confinement toujours plus strictes, plus mon espace imaginaire est en expansion.&nbsp;<\/p>\n\n\n\n<p>Les objets g\u00e9ographiques repr\u00e9sent\u00e9s seront :&nbsp;<\/p>\n\n\n\n<ul class=\"wp-block-list\"><li>Un<strong> espace de circulation physique <\/strong> comprenant l&#8217;espace domestique et l&#8217;espace ext\u00e9rieur (notamment deux lieux : un supermarch\u00e9, le bois de Vincennes). Les liens avec l&#8217;espace ext\u00e9rieur se r\u00e9duisent au fil des mesures de confinement. Ce processus pourrait \u00eatre repr\u00e9sent\u00e9 \u00e0 l\u2019aide de variations d\u2019\u00e9chelles et d\u2019une insularisation de plus en plus prononc\u00e9e de mon espace de vie. Autrement dit, plus mon espace de circulation est r\u00e9duit, plus mon espace domestique s\u2019agrandit, s&#8217;isole de l&#8217;espace ext\u00e9rieur et se m\u00e9tamorphose en \u00eelot au milieu de l&#8217;espace urbain. Cette impression d\u2019\u00eatre sur un \u00eelot est renforc\u00e9e par l\u2019absence visuelle d\u2019autres humains (remplac\u00e9e par leur pr\u00e9sence sonore tous les jours \u00e0 20h) et par la localisation de l\u2019appartement au 10e \u00e9tage, donnant l\u2019impression de surplomber une mer d\u2019immeubles qui s\u2019\u00e9tend \u00e0 perte de vue.<\/li><\/ul>\n\n\n\n<ul class=\"wp-block-list\"><li>Des <strong>espaces d\u2019imagination de plus en plus en expansion<\/strong> : l\u2019espace onirique, o\u00f9 il semblerait que je retrouve la toundra sib\u00e9rienne toute les nuits ; l\u2019espace changeant du paysage urbain par la fen\u00eatre (l&#8217;aspect du ciel et des nuages) ; \u00e9ventuellement l\u2019espace d\u2019internet sur lequel j\u2019\u00e9change avec famille et amis. <\/li><\/ul>\n\n\n\n<p>Les <strong>difficult\u00e9s que je rencontre<\/strong>  : comment repr\u00e9senter la superposition entre un espace de circulation physique de plus en plus r\u00e9duit et des espaces de &nbsp;circulation imaginaires, en expansion et en mouvement, qui ne respectent en rien le kilom\u00e8tre r\u00e9glementaire ? Comment repr\u00e9senter l&#8217;espace domestique ? Comment repr\u00e9senter les espaces imaginaires eux-m\u00eames  ? Est-il possible de repr\u00e9senter ces diff\u00e9rents espaces sur une m\u00eame carte ? Je ne suis pas encore certaine de savoir comment mettre cette cartographie en oeuvre, c&#8217;est pourquoi je ne propose que quelques id\u00e9es par \u00e9crit, en esp\u00e9rant que ce ne soit pas trop chim\u00e9rique !<\/p>\n\n\n\n<p><strong>Repr\u00e9sentation possible : <\/strong><br>Afin de montrer le processus d&#8217;insularisation de mon espace de vie, il me faudra produire un certain nombre de cartes \u00e0 diff\u00e9rents moments de la p\u00e9riode de confinement (J-7 ; J+7 ; J+14, etc). Les cartes sont document\u00e9es \u00e0 partir d\u2019observations, de prises de photos et vid\u00e9os du paysage par la fen\u00eatre, d\u2019une prise de note r\u00e9guli\u00e8re de r\u00eaves. Il me semble qu\u2019une succession anim\u00e9e de cartes pourrait rendre compte de ces mouvements contraires de r\u00e9traction de l\u2019espace physique de circulation et d\u2019expansion de l\u2019espace imaginaire ; de la distorsion de plus en plus prononc\u00e9e de ma perception de l\u2019espace physique de Paris en paysages imaginaires.<\/p>\n\n\n\n<p>Par exemple : <br>J-7 = Une carte \u00e0 J-7 pourrait repr\u00e9senter la mani\u00e8re dont je m\u2019imagine mon retour \u00e9ventuel dans mon espace de vie parisien alors que je suis encore dans la toundra.<\/p>\n\n\n\n<p>J+7 = Les limites de l\u2019espace physique pourraient \u00eatre repr\u00e9sent\u00e9es par un cercle au contour rouge repr\u00e9sentant la zone r\u00e9glementaire de circulation (1km). Mon espace domestique, \u00e0 l&#8217;int\u00e9rieur de ce cercle rouge, est de taille moyenne (circulations internes entre salon, cuisine, balcon, salle de bain) et reli\u00e9 par des \u201cponts\u201d au supermarch\u00e9 du coin et au bois de Vincennes, o\u00f9 je circule r\u00e9guli\u00e8rement. L\u2019espace onirique (o\u00f9 l&#8217;espace de la toundra a bascul\u00e9 depuis &#8220;J-7&#8221;) d\u00e9passe cette zone r\u00e9glementaire tout comme l\u2019espace \u201cimagin\u00e9\u201d de la mer d\u2019immeubles.<\/p>\n\n\n\n<p>J+14 = Le pont reliant mon espace domestique au Bois de Vincennes est coup\u00e9 car ce dernier n\u2019est plus accessible ; le pont li\u00e9 au supermarch\u00e9 est repr\u00e9sent\u00e9 en pointill\u00e9 car je m&#8217;y rend moins. Le cercle rouge du km r\u00e9glementaire perd de sa couleur car mes sorties sont plus rares, \u00e9tant donn\u00e9 que l&#8217;un de mes rep\u00e8res cl\u00e9s, le Bois, a disparu de mon espace de circulation autoris\u00e9. Je passe plus de temps sur le balcon et \u00e0 l\u2019int\u00e9rieur de l\u2019appartement, qui prend plus de place sur la carte, et qui prend de plus en plus l\u2019apparence d\u2019une \u00eele. Les espaces imaginaires prennent encore plus de place : des couleurs plus intenses, le paysage urbain se m\u00e9tamorphose : la \u201cmer\u201d d\u2019immeuble prend encore plus l\u2019apparence d\u2019une mer, l\u2019horizon, en fonction des couleurs du ciel et de la forme des nuages se transforme tant\u00f4t en bord de mer, en volcan et ses coul\u00e9es de laves, en paysage de montagnes.&nbsp;<\/p>\n\n\n\n<figure class=\"wp-block-image size-large is-resized\"><img loading=\"lazy\" decoding=\"async\" src=\"http:\/\/psig.huma-num.fr\/cartes-sensibles\/wp-content\/uploads\/2020\/04\/IMG_2994-768x1024.jpg\" alt=\"\" class=\"wp-image-287\" width=\"504\" height=\"672\" srcset=\"http:\/\/psig.huma-num.fr\/cartes-sensibles\/wp-content\/uploads\/2020\/04\/IMG_2994-768x1024.jpg 768w, http:\/\/psig.huma-num.fr\/cartes-sensibles\/wp-content\/uploads\/2020\/04\/IMG_2994-225x300.jpg 225w, http:\/\/psig.huma-num.fr\/cartes-sensibles\/wp-content\/uploads\/2020\/04\/IMG_2994-1152x1536.jpg 1152w, http:\/\/psig.huma-num.fr\/cartes-sensibles\/wp-content\/uploads\/2020\/04\/IMG_2994-1536x2048.jpg 1536w, http:\/\/psig.huma-num.fr\/cartes-sensibles\/wp-content\/uploads\/2020\/04\/IMG_2994-scaled.jpg 1920w\" sizes=\"auto, (max-width: 504px) 100vw, 504px\" \/><\/figure>\n\n\n\n<p>Le balcon <\/p>\n\n\n\n<figure class=\"wp-block-image size-large\"><img loading=\"lazy\" decoding=\"async\" width=\"1024\" height=\"768\" src=\"http:\/\/psig.huma-num.fr\/cartes-sensibles\/wp-content\/uploads\/2020\/04\/UNADJUSTEDNONRAW_thumb_5d64.jpg\" alt=\"\" class=\"wp-image-288\" srcset=\"http:\/\/psig.huma-num.fr\/cartes-sensibles\/wp-content\/uploads\/2020\/04\/UNADJUSTEDNONRAW_thumb_5d64.jpg 1024w, http:\/\/psig.huma-num.fr\/cartes-sensibles\/wp-content\/uploads\/2020\/04\/UNADJUSTEDNONRAW_thumb_5d64-300x225.jpg 300w, http:\/\/psig.huma-num.fr\/cartes-sensibles\/wp-content\/uploads\/2020\/04\/UNADJUSTEDNONRAW_thumb_5d64-768x576.jpg 768w\" sizes=\"auto, (max-width: 1024px) 100vw, 1024px\" \/><\/figure>\n\n\n\n<p>La &#8220;mer&#8221; d&#8217;immeuble<\/p>\n","protected":false},"excerpt":{"rendered":"<p>Protocole d&#8217;une cartographie po\u00e9tique de mon insularisation Je souhaiterais cartographier un aspect de mon exp\u00e9rience du confinement : la porosit\u00e9 des liens entre espaces physiques et imaginaires\/virtuels.Mon exp\u00e9rience du confinement me semble \u00eatre inform\u00e9e par un \u201cdouble-choc spatial\u201d : 1) \u00e0 l\u2019annonce du confinement, j\u2019ai \u00e9t\u00e9 contrainte \u00e0 rentrer avec pr\u00e9cipitation de mon terrain dans &hellip; <a href=\"http:\/\/psig.huma-num.fr\/cartes-sensibles\/confinement-sophie-gleizes\/\" class=\"more-link\">Continuer la lecture de <span class=\"screen-reader-text\">Confinement Sophie Gleizes<\/span>  <span class=\"meta-nav\">&rarr;<\/span><\/a><\/p>\n","protected":false},"author":2,"featured_media":0,"comment_status":"open","ping_status":"open","sticky":false,"template":"","format":"standard","meta":{"footnotes":""},"categories":[4],"tags":[],"class_list":["post-286","post","type-post","status-publish","format-standard","hentry","category-confinement"],"_links":{"self":[{"href":"http:\/\/psig.huma-num.fr\/cartes-sensibles\/wp-json\/wp\/v2\/posts\/286","targetHints":{"allow":["GET"]}}],"collection":[{"href":"http:\/\/psig.huma-num.fr\/cartes-sensibles\/wp-json\/wp\/v2\/posts"}],"about":[{"href":"http:\/\/psig.huma-num.fr\/cartes-sensibles\/wp-json\/wp\/v2\/types\/post"}],"author":[{"embeddable":true,"href":"http:\/\/psig.huma-num.fr\/cartes-sensibles\/wp-json\/wp\/v2\/users\/2"}],"replies":[{"embeddable":true,"href":"http:\/\/psig.huma-num.fr\/cartes-sensibles\/wp-json\/wp\/v2\/comments?post=286"}],"version-history":[{"count":3,"href":"http:\/\/psig.huma-num.fr\/cartes-sensibles\/wp-json\/wp\/v2\/posts\/286\/revisions"}],"predecessor-version":[{"id":312,"href":"http:\/\/psig.huma-num.fr\/cartes-sensibles\/wp-json\/wp\/v2\/posts\/286\/revisions\/312"}],"wp:attachment":[{"href":"http:\/\/psig.huma-num.fr\/cartes-sensibles\/wp-json\/wp\/v2\/media?parent=286"}],"wp:term":[{"taxonomy":"category","embeddable":true,"href":"http:\/\/psig.huma-num.fr\/cartes-sensibles\/wp-json\/wp\/v2\/categories?post=286"},{"taxonomy":"post_tag","embeddable":true,"href":"http:\/\/psig.huma-num.fr\/cartes-sensibles\/wp-json\/wp\/v2\/tags?post=286"}],"curies":[{"name":"wp","href":"https:\/\/api.w.org\/{rel}","templated":true}]}}