{"id":290,"date":"2020-04-16T20:07:47","date_gmt":"2020-04-16T18:07:47","guid":{"rendered":"http:\/\/psig.huma-num.fr\/cartes-sensibles\/?p=290"},"modified":"2020-05-06T23:26:02","modified_gmt":"2020-05-06T21:26:02","slug":"confinement-alba-perset","status":"publish","type":"post","link":"http:\/\/psig.huma-num.fr\/cartes-sensibles\/confinement-alba-perset\/","title":{"rendered":"Confinement Alba Perset"},"content":{"rendered":"\n<p>16 mars, Jour J, c&#8217;est officiellement le d\u00e9but du confinement. J\u2019ai commenc\u00e9 \u00e0 tenir un carnet de confinement qui me permettra de garder en m\u00e9moire toutes mes impressions et sensations. Il me  force \u00e0 analyser mon environnement, \u00e0 observer son \u00e9volution, ses transformations en me basant sur mes souvenirs d&#8217;un temps sans confinement, o\u00f9 on ne se posait pas toutes les questions qu&#8217;on se pose aujourd&#8217;hui.<\/p>\n\n\n\n<p> Ma perception des choses passe majoritairement par deux dimensions sensorielles, l\u2019ou\u00efe et la vue et enfin l&#8217;odorat, par ordre d&#8217;importance.   La premi\u00e8re carte, repr\u00e9sentant ma perception sonore a \u00e9t\u00e9 faite \u00e0 J+7. Je me suis servie de ma m\u00e9moire pour r\u00e9aliser la carte correspondant \u00e0 J-7, qui repr\u00e9sente l\u2019environnement sonore dans lequel je vivais en temps normal et que je n\u2019avais plus l\u2019habitude ou le temps de questionner alors, \u00e0 un moment o\u00f9 je n&#8217;aurais jamais pu soup\u00e7onner qu&#8217;il serait un jour questionnable et utile dans un cadre d&#8217;enqu\u00eate sur la mani\u00e8re d&#8217;habiter son environnement. <\/p>\n\n\n\n<p>L\u2019ou\u00efe &#8211;  C\u2019est donc par la dimension sonore que toute l&#8217;analyse de mes perceptions du confinement \u00e0 d\u00e9but\u00e9.  Le silence sur le boulevard au dessus de chez moi m\u2019a permit une \u00e9coute plus approfondie de ma rue, \u00e0 travers la fen\u00eatre de ma chambre. Ma chambre  d&#8217;o\u00f9 j&#8217;entend,  sens et observe les deux mondes qui m&#8217;entourent.  L&#8217;ext\u00e9rieur et l&#8217;int\u00e9rieur de la l&#8217;habitat familiale. Cette \u00e9coute affin\u00e9e m\u2019a permise d\u2019entendre la vie de mon quartier comme jamais auparavant.<\/p>\n\n\n\n<figure class=\"wp-block-image size-large is-resized\"><img loading=\"lazy\" decoding=\"async\" src=\"http:\/\/psig.huma-num.fr\/cartes-sensibles\/wp-content\/uploads\/2020\/04\/3-Perception-sonore-J7-.jpeg\" alt=\"\" class=\"wp-image-291\" width=\"492\" height=\"745\" srcset=\"http:\/\/psig.huma-num.fr\/cartes-sensibles\/wp-content\/uploads\/2020\/04\/3-Perception-sonore-J7-.jpeg 485w, http:\/\/psig.huma-num.fr\/cartes-sensibles\/wp-content\/uploads\/2020\/04\/3-Perception-sonore-J7--198x300.jpeg 198w\" sizes=\"auto, (max-width: 492px) 100vw, 492px\" \/><\/figure>\n\n\n\n<p>J&#8217;ai cr\u00e9e cette carte \u00e0 partir de ma perception sonore de l&#8217;espace. La proximit\u00e9 s&#8217;y trouve comme resserr\u00e9e, le quartier, l&#8217;environnement dans lequel je vis et qui me paraissait jusqu&#8217;alors si large et flou me semble \u00e0 pr\u00e9sent \u00e9troit et claire. Je peux sentir la pr\u00e9sence des riverains, les entendre vivre.<\/p>\n\n\n\n<p>Entendre des voix au dehors, en \u00e9tant assise \u00e0 mon bureau  m\u2019a pouss\u00e9 \u00e0 aller voir, \u00e0 observer de la fen\u00eatre. Le vis \u00e0 vis m\u2019a m\u00eame permis d\u2019identifier mes voisins, apr\u00e8s 15 ans \u00e0 vivre dans l\u2019anonymat.  Il nous aura suffit d\u2019une semaine en confinement  pour se d\u00e9couvrir puis choisir de s\u2019exposer un peu plus. Chaque jour je r\u00e9colte des indices qui me permettent de reconstituer le puzzle de ma rue. Qui vit o\u00f9? Avec qui? C&#8217;est &#8220;fen\u00eatre sur cour&#8221; d&#8217;Hitchcock, qui sait si je ne finirais pas par percer leurs secrets? Je m&#8217;amuse \u00e0 les espionner, chaque jour un peu, pendant que je profite du soleil \u00e0 la fen\u00eatre. Je note leurs routines,  leurs interactions avec la rue. Ceux qui me semblaient si loin, distanci\u00e9s par le bruit de la circulation sur le boulevard me paraissent aujourd\u2019hui proches, presque trop proches, comme si notre rue s&#8217;\u00e9tait resserr\u00e9e et nos immeubles rapproch\u00e9s.  Si proche qu&#8217;on pourrait presque se serrer la main d&#8217;une fen\u00eatre \u00e0 l&#8217;autre. Comme si la rue qui nous s\u00e9pare \u00e9tait une rivi\u00e8re et nos immeubles  des bateaux amarr\u00e9s et qu&#8217;il nous suffisait de tirer sur la corde attachait au ponton pour se rapprocher les uns des autres. L&#8217;absence de bruit efface les distances et cr\u00e9e de la proximit\u00e9. <\/p>\n\n\n\n<p>La blonde tatou\u00e9e du 3\u00e8me sort son chien vers 16h. Le roux, fils de la voisine aux cheveux blancs qui applaudit \u00e0 la fen\u00eatre de sa cuisine chaque soir, sort fumer sa roul\u00e9e \u00e0 14h puis \u00e0 18h. La comm\u00e8re du rez-de-chauss\u00e9e fume sa cigarette \u00e0 sa fen\u00eatre en regardant les passants. Le vieux couple homosexuel sort toujours faire les courses \u00e0 deux. Le chanteur du quartier que personne ne peut supporter est toujours en place \u00e0 18h etc.&nbsp;Je vois tout sans chercher, les informations s&#8217;offrent \u00e0 moi. En p\u00e9riode de pr\u00e9-confinement ces informations se seraient perdues en chemin entre eux et moi, entre le bruit et le mouvement.<\/p>\n\n\n\n<p>Comment reconnaitre un paysage sonore? Comment se situer? Assise \u00e0 mon bureau j\u2019entend des voix passer sous ma fen\u00eatre. Du fran\u00e7ais bien s\u00fbr mais aussi du chinois, de l&#8217;arabe, de l&#8217;espagnol, du turc, du portugais. A quoi reconnait t-on le bruit que fait la France? On devine qu&#8217;on est dans un pays la\u00efc car on n&#8217;entend pas l&#8217;appel \u00e0 la pri\u00e8re ni aucun signe d&#8217;une religion d&#8217;Etat. On reconnait la m\u00e9tropole \u00e0 son accent? A quoi reconna\u00eet t-on Paris? Son interculturalisme? On sait qu\u2019on est en ville par le bruit de la circulation, mais on entend  aussi de nombreux oiseaux,pigeons, m\u00e9sanges, pies, ramiers, corneilles et aussi des mouettes.\u00a0Alors comment savoir?  Paris fait elle un son particulier? A t-elle une identit\u00e9 sonore singuli\u00e8re? <\/p>\n\n\n\n<p>Raymond Murray Schafer introduit la notion de <em>paysage sonore<\/em> dans les ann\u00e9es 1970.  Il se questionne sur la relation de l&#8217;homme aux sons de son environnement et il nous \u00e9claire donc sur la question de l&#8217;environnement sonore consid\u00e9r\u00e9 comme un territoire. \u00ab\u00a0Le\u00a0<em>soundscape<\/em>\u00a0est toute portion de l\u2019environnement sonore vis\u00e9e comme champ d\u2019\u00e9tude\u00a0\u00bb nous dit-il.  Il divise ce champ en trois perspectives : les sonorit\u00e9s maitresses (<em>keynote sounds<\/em>), dans un paysage sonore,  conditionnent notre perception des choses sans que nous nous en rendions compte, le bruit des vagues, le bruit des avions dans des logements proches d&#8217;un a\u00e9roport etc. Les sons \u00e0 valeur signal\u00e9tique (<em>signal sounds<\/em>), comme son nom l&#8217;indique il a pour vocation de signaler quelque chose. Il est conscientis\u00e9 et renvoit \u00e0 quelque chose. Enfin, les marqueurs sonores (<em>soundmarks<\/em>), sont des signaux assign\u00e9s \u00e0 un communaut\u00e9 et &#8220;font parti du paysage&#8221; comme l&#8217;appel \u00e0 la pri\u00e8re \u00e0 Amman.  Schafer oppose dans la perception du paysage sonore les sons naturels, d\u00e9finit par le <em>hi-fi<\/em> haute fid\u00e9lit\u00e9 et le <em>lo-fi<\/em> basse fid\u00e9lit\u00e9 pour les sons artificiels. Il note une autre opposition \u00e9tabli sur la <em>p\u00e9riodicit\u00e9<\/em> des sons, avec des sons naturels p\u00e9riodiques oppos\u00e9s \u00e0 des sons artificiels redondants, rythm\u00e9s. Selon sa th\u00e9orie, l&#8217;analyse d&#8217;un paysage sonore permettrait donc de percer la combinaison des diff\u00e9rents cycles sonores qui le composent, mais concernant les paysages sonores artificiels cette analyse est difficilement applicable puisqu&#8217;il s&#8217;agit non pas de cycles combin\u00e9s mais plut\u00f4t d&#8217;une superposition de sons continus<span class=\"has-inline-color has-black-color\">. (<a href=\"http:\/\/www.implications-philosophiques.org\/langage-et-esthetique\/implications-de-la-perception\/paysage-sonore-et-ecologie-acoustique\/\">http:\/\/www.implications-philosophiques.org\/langage-et-esthetique\/implications-de-la-perception\/paysage-sonore-et-ecologie-acoustique\/<\/a>)<\/span><\/p>\n\n\n\n<p><\/p>\n\n\n\n<figure class=\"wp-block-image size-large is-resized\"><img loading=\"lazy\" decoding=\"async\" src=\"http:\/\/psig.huma-num.fr\/cartes-sensibles\/wp-content\/uploads\/2020\/05\/Nume\u0301riser-2.jpeg\" alt=\"\" class=\"wp-image-463\" width=\"575\" height=\"390\" srcset=\"http:\/\/psig.huma-num.fr\/cartes-sensibles\/wp-content\/uploads\/2020\/05\/Nume\u0301riser-2.jpeg 697w, http:\/\/psig.huma-num.fr\/cartes-sensibles\/wp-content\/uploads\/2020\/05\/Nume\u0301riser-2-300x204.jpeg 300w\" sizes=\"auto, (max-width: 575px) 100vw, 575px\" \/><\/figure>\n\n\n\n<p>La vue &#8211;  L&#8217;intrusion. Le jeune couple qui a emm\u00e9nag\u00e9 \u00e0 J+1 dans l\u2019immeuble d\u2019en face, poss\u00e8de une vue imprenable sur ma chambre.  Rapidement s\u2019est instaur\u00e9 une sorte de voyeurisme partag\u00e9. Ce que je ne faisais pas avant le confinement avec les locataires pr\u00e9c\u00e9dents, ni avec aucun autre voisin d\u2019ailleurs depuis que j\u2019ai plus de 10 ans. Sauf peut-\u00eatre avec la voisine du Rez de chauss\u00e9e de l\u2019immeuble de droite, qui se m\u00eale de tout et qui donne envie de l\u2019espionner en retour, pour comprendre un peu mieux qui se cache derri\u00e8re l&#8217;intrusion.<\/p>\n\n\n\n<figure class=\"wp-block-image size-large is-resized\"><img loading=\"lazy\" decoding=\"async\" src=\"http:\/\/psig.huma-num.fr\/cartes-sensibles\/wp-content\/uploads\/2020\/04\/4-Perception-espaces-J14-.jpeg\" alt=\"\" class=\"wp-image-292\" width=\"497\" height=\"776\" srcset=\"http:\/\/psig.huma-num.fr\/cartes-sensibles\/wp-content\/uploads\/2020\/04\/4-Perception-espaces-J14-.jpeg 477w, http:\/\/psig.huma-num.fr\/cartes-sensibles\/wp-content\/uploads\/2020\/04\/4-Perception-espaces-J14--192x300.jpeg 192w\" sizes=\"auto, (max-width: 497px) 100vw, 497px\" \/><\/figure>\n\n\n\n<p>L\u2019intrusion rendrait intrusif. Lorsque j\u2019ai compris que le jeune couple m\u2019observait, j\u2019ai commenc\u00e9 \u00e0 les observer \u00e0 mon tour et c\u2019est devenu comme un rendez-vous quotidien. On s\u2019assurait notre pr\u00e9sence, on cherchait presque le regard de l\u2019autre, une interaction silencieuse, presque secr\u00e8te, une autre forme de lien social, en sous-couche, le seul qu&#8217;on puisse avoir. Il devenait pr\u00e9cieux.&nbsp;Peut-on avoir de l\u2019intimit\u00e9 maintenant que les fronti\u00e8res ont \u00e9t\u00e9 effac\u00e9, que les barri\u00e8res de fa\u00e7ades sont tomb\u00e9es, que ce qui nous s\u00e9parait nous rapproche? Comment se construisait l&#8217;intimit\u00e9 en temps normal?  J\u2019ai fais la seconde cartographie.&nbsp;J\u2019ai fais le choix de montrer ces cartographies un peu brouillon et de ne pas en reproduire pour ne pas effacer mes premi\u00e8res impressions.&nbsp; A J-7 ma perception correspondait \u00e0 un \u00ab&nbsp;plan g\u00e9n\u00e9ral&nbsp;\u00bb dans le vocabulaire du cin\u00e9ma, repr\u00e9sentant une vision d\u2019ensemble, une certaine objectivit\u00e9, un recul, une&nbsp; distance avec la sc\u00e8ne. Permettant de situer l\u2019action.&nbsp; A J+14 il s\u2019agissait plut\u00f4t d\u2019un point de vue subjectif, vue \u00e0 travers mes propres yeux. Les proportions d\u2019une vision humaine cr\u00e9ant une proximit\u00e9 avec les immeubles environnants.&nbsp; Plus aucun recul possible.&nbsp;<\/p>\n\n\n\n<p> Les interactions sociales.  A 20h, les applaudissements retentissent. Un second rendez vous quotidien s\u2019est mis en place. Durant les premiers soirs du confinement il faisait encore nuit \u00e0 20h, on ne se reconnaissait pas d\u2019un immeuble \u00e0 l\u2019autre, on pouvait \u00e9viter les regards en rendant l\u2019obscurit\u00e9 responsable. Apr\u00e8s le changement d\u2019heure, le processus de &#8220;d\u00e9sintimit\u00e9&#8221; d\u00e9j\u00e0 mis en place devenait presque forc\u00e9. On ne pouvait plus faire semblant de ne pas se voir. Je crois que \u00e7a tombait bien. Il permettait de cr\u00e9er du lien social et chacun \u00e9tait content de saluer son voisinage. Une complicit\u00e9 se cr\u00e9ait, c&#8217;\u00e9tait une fa\u00e7on de se soutenir face \u00e0 l&#8217;adversit\u00e9, m\u00eame sans se connaitre. <\/p>\n\n\n\n<figure class=\"wp-block-image size-large\"><img loading=\"lazy\" decoding=\"async\" width=\"482\" height=\"727\" src=\"http:\/\/psig.huma-num.fr\/cartes-sensibles\/wp-content\/uploads\/2020\/04\/1-Interaction-intext-J7-1.jpeg\" alt=\"\" class=\"wp-image-300\" srcset=\"http:\/\/psig.huma-num.fr\/cartes-sensibles\/wp-content\/uploads\/2020\/04\/1-Interaction-intext-J7-1.jpeg 482w, http:\/\/psig.huma-num.fr\/cartes-sensibles\/wp-content\/uploads\/2020\/04\/1-Interaction-intext-J7-1-199x300.jpeg 199w\" sizes=\"auto, (max-width: 482px) 100vw, 482px\" \/><\/figure>\n\n\n\n<p>A J-7, il n\u2019y avait pas d\u2019interaction entre l\u2019int\u00e9rieur et l\u2019ext\u00e9rieur. Chacun rentrait chez lui et on se confinait pour retrouver notre intimit\u00e9. Apr\u00e8s avoir pass\u00e9 la journ\u00e9e dehors, entour\u00e9, on avait besoin de tranquillit\u00e9 et \u00e7a passait par le confinement choisi dans son espace intime.&nbsp; A J+7 en revanche, j\u2019ai constat\u00e9 un besoin d\u2019\u00e9change, d\u2019interaction avec l\u2019ext\u00e9rieur, par les regards, d\u2019un habitat \u00e0 un autre.&nbsp; En allant faire mes courses je regardais \u00e0 l\u2019int\u00e9rieur des appartements.  L&#8217;intimit\u00e9 n&#8217;existe plus. L&#8217;intrusion est totale, physique et virtuelle. Non seulement je me sens \u00e9pi\u00e9e dans ma propre chambre, mon espace intime mais en plus je me sens mise \u00e0 nue par t\u00e9l\u00e9phone. On n&#8217;a plus d&#8217;excuse pour ne pas \u00eatre disponible, ne pas \u00eatre connect\u00e9e \u00e0 son t\u00e9l\u00e9phone. <\/p>\n\n\n\n<p>Le temps &#8211;  Le temps n\u2019est plus une contrainte. On sait que les choses resteront \u00e0 leur place. Le temps s\u2019allonge. J\u2019ai trouv\u00e9 difficile de repr\u00e9senter le temps car il creuse l\u2019espace et l&#8217;assouplit, le rendant \u00e9lastique. Comme si les limites imaginaires qu\u2019on s\u2019imposait avec la notion de temps avaient disparues, nous laissant face \u00e0 un temps dor\u00e9navant infini et donc instable, auquel on ne peut plus se r\u00e9f\u00e9rer.  Le rapport espace-temps n&#8217;est plus \u00e0 la port\u00e9e de l&#8217;homme, maitrisable. Mais par cette voie l\u00e0 il n\u2019est plus non plus un ennemi de la cr\u00e9ativit\u00e9. Elle devient un passeport, un moyen de d\u00e9passer les fronti\u00e8res. Utilisant l&#8217;internet comme un nouveau territoire \u00e0 occuper. L\u2019espace physique est limit\u00e9 mais l\u2019espace mental s\u2019agrandit est devient infini \u00e0 son tour, car c\u2019est la seule chose \u00e0 laquelle on ait acc\u00e8s.&nbsp;<\/p>\n\n\n\n<p>Difficult\u00e9. Comment le repr\u00e9senter? J&#8217;ai plant\u00e9 des fleurs \u00e0 J+2 et j&#8217;ai pris une photo par jour.  C&#8217;est le temps qui pousse. <\/p>\n\n\n\n<figure class=\"wp-block-image size-large is-resized\"><img loading=\"lazy\" decoding=\"async\" src=\"http:\/\/psig.huma-num.fr\/cartes-sensibles\/wp-content\/uploads\/2020\/04\/Capture-d\u2019e\u0301cran-2020-04-16-a\u0300-21.14.55.png\" alt=\"\" class=\"wp-image-303\" width=\"465\" height=\"750\" srcset=\"http:\/\/psig.huma-num.fr\/cartes-sensibles\/wp-content\/uploads\/2020\/04\/Capture-d\u2019e\u0301cran-2020-04-16-a\u0300-21.14.55.png 393w, http:\/\/psig.huma-num.fr\/cartes-sensibles\/wp-content\/uploads\/2020\/04\/Capture-d\u2019e\u0301cran-2020-04-16-a\u0300-21.14.55-186x300.png 186w\" sizes=\"auto, (max-width: 465px) 100vw, 465px\" \/><\/figure>\n\n\n\n<p>Comment repr\u00e9senter un espace infini dans un espace fini? Autrement dit comment repr\u00e9senter un monde int\u00e9rieur infini dans un espace limit\u00e9? J&#8217;ai repr\u00e9sent\u00e9 un cerveau dans un pi\u00e8ce. Un cerveau avec toutes ces sillons et les diff\u00e9rentes parties qui le composent pour montrer la complexit\u00e9 et l&#8217;\u00e9tendue infini de ces capacit\u00e9s. <\/p>\n\n\n\n<figure class=\"wp-block-image size-large is-resized\"><img loading=\"lazy\" decoding=\"async\" src=\"http:\/\/psig.huma-num.fr\/cartes-sensibles\/wp-content\/uploads\/2020\/04\/6-Cerveau-.jpeg\" alt=\"\" class=\"wp-image-294\" width=\"610\" height=\"414\" srcset=\"http:\/\/psig.huma-num.fr\/cartes-sensibles\/wp-content\/uploads\/2020\/04\/6-Cerveau-.jpeg 719w, http:\/\/psig.huma-num.fr\/cartes-sensibles\/wp-content\/uploads\/2020\/04\/6-Cerveau--300x204.jpeg 300w\" sizes=\"auto, (max-width: 610px) 100vw, 610px\" \/><\/figure>\n\n\n\n<p>Le mouvement &#8211;   La perception des espace est modifi\u00e9e quand nos mouvements sont limit\u00e9s. La perception de la rue sans voitures, elle semble devenir un lieu d\u2019immobilit\u00e9 alors qu\u2019elle n\u2019\u00e9tait qu\u2019un lieu de passage, de mouvement. En attendant devant les boutiques, on se regarde, on se rencontre, on se parle. On a l\u2019espace, on a la place de le faire. On \u00e9tait contraint par la foule \u00e0 J-30 avec les gr\u00e8ves de transports, \u00e0 J+30 on en est priv\u00e9. En moins de deux mois on passe d\u2019un extreme \u00e0 l\u2019autre et cela bouleverse tout notre champ sensoriel. Le &#8220;trop plein&#8221; nous d\u00e9goute, nos sens sont en alerte perp\u00e9tuel, les odeurs, le touch\u00e9, la vue et le son nous attaquent. On fuit les lieux bond\u00e9s. Le &#8220;trop peu&#8221; nous inqui\u00e8te, synonyme de probl\u00e8me, d&#8217;anormal, il cr\u00e9e le manque. Pourrait-on imaginer qu&#8217;une sorte d&#8217;exode urbaine des populations s&#8217;effectuera vers les zones rurales une fois le d\u00e9confinement termin\u00e9? Les populations citadines quitteront-elles la ville pour la campagne \u00e0 la recherche  de plus d&#8217;\u00e9quilibre dans les sensations? On ne reviendra pas \u00e0 l&#8217;agitation g\u00e9n\u00e9rale qui faisait notre quotidien sans \u00eatre affect\u00e9s. Apr\u00e8s avoir v\u00e9cu un confinement de deux mois, il est peu probable que les choses rentrent dans l&#8217;ordre. Rien ne sera jamais plus comme avant.  Il faudra un temps d&#8217;adaptation pour certains, un nouveau d\u00e9part pour d&#8217;autres.<\/p>\n\n\n\n<p> Entre deux mondes &#8211;  Cette troisi\u00e8me cartographie repr\u00e9sente les deux interactions que j\u2019ai de ma chambre. Mon observatoire. L\u2019une avec la rue et les voisins, l\u2019autre avec l\u2019int\u00e9rieur de ma maison et mes parents.  Depuis le d\u00e9but du confinement j&#8217;ai du r\u00e9am\u00e9nager mon espace trois fois, ce que j&#8217;appelle mon observatoire et mon sas de d\u00e9compression \u00e0 la fois. Le 17 mars j&#8217;ai orient\u00e9 mon bureau face \u00e0 la fen\u00eatre, je ne pouvais plus me rendre \u00e0 la biblioth\u00e8que alors j&#8217;ai adapt\u00e9 mon espace. Le 20 avril j&#8217;ai mis mon lit parall\u00e8lement au mur plut\u00f4t que perpendiculairement, pour avoir plus d&#8217;espace pour circuler entre mon bureau et ma fen\u00eatre, espace que je n&#8217;utilisais pas tellement jusque l\u00e0. Le 30 avril j&#8217;ai install\u00e9 une fine \u00e9tag\u00e8re au pied du lit, qui me sert \u00e0 la fois de table de chevet et de plan de travail et pour pouvoir inverser l&#8217;orientation de ma vue vers la fen\u00eatre et non vers le fond de ma chambre. En r\u00e9sum\u00e9, les trois modifications apport\u00e9es \u00e0 mon espace ont \u00e9t\u00e9 dirig\u00e9es vers la fen\u00eatre, l&#8217;exterieur de la chambre et m&#8217;ont permis de me r\u00e9approprier mon espace pour mieux l&#8217;habiter, quant il n&#8217;\u00e9tait qu&#8217;un lieu de passage furtif. <\/p>\n\n\n\n<figure class=\"wp-block-image size-large is-resized\"><img loading=\"lazy\" decoding=\"async\" src=\"http:\/\/psig.huma-num.fr\/cartes-sensibles\/wp-content\/uploads\/2020\/04\/2-Interaction-Intext-J14.jpeg\" alt=\"\" class=\"wp-image-295\" width=\"500\" height=\"627\" srcset=\"http:\/\/psig.huma-num.fr\/cartes-sensibles\/wp-content\/uploads\/2020\/04\/2-Interaction-Intext-J14.jpeg 457w, http:\/\/psig.huma-num.fr\/cartes-sensibles\/wp-content\/uploads\/2020\/04\/2-Interaction-Intext-J14-239x300.jpeg 239w\" sizes=\"auto, (max-width: 500px) 100vw, 500px\" \/><\/figure>\n\n\n\n<p> <\/p>\n\n\n\n<figure class=\"wp-block-image size-large is-resized\"><img loading=\"lazy\" decoding=\"async\" src=\"http:\/\/psig.huma-num.fr\/cartes-sensibles\/wp-content\/uploads\/2020\/05\/Nume\u0301riser-1.jpeg\" alt=\"\" class=\"wp-image-461\" width=\"502\" height=\"727\" srcset=\"http:\/\/psig.huma-num.fr\/cartes-sensibles\/wp-content\/uploads\/2020\/05\/Nume\u0301riser-1.jpeg 502w, http:\/\/psig.huma-num.fr\/cartes-sensibles\/wp-content\/uploads\/2020\/05\/Nume\u0301riser-1-207x300.jpeg 207w\" sizes=\"auto, (max-width: 502px) 100vw, 502px\" \/><\/figure>\n\n\n\n<p>L&#8217;odorat &#8211;  Des odeurs de nourriture me parviennent par la fen\u00eatre. Je ne sais pas d&#8217;o\u00f9 elles viennent pr\u00e9cis\u00e9ment mais elle me font sentir la pr\u00e9sence de l&#8217;autre.  Difficult\u00e9 \u00e0 repr\u00e9senter les odeurs.  Il est presque impossible que deux observateurs per\u00e7oivent une m\u00eame odeur. (Lucile Gr\u00e9sillon 2012) On d\u00e9crit une odeur par sa source suppos\u00e9e et le rapport relationnel qu&#8217;on a avec celle-ci, par une \u00e9valuation h\u00e9donique ou le recours \u00e0 un souvenir intime et personnel. C&#8217;est ce qui les rend si unique \u00e0 chacun. On manque de vocabulaire, de formes, de d\u00e9tails visuels pour les caract\u00e9riser.  C&#8217;est \u00e9galement parce qu&#8217;elles sont invisibles \u00e0 l&#8217;oeil nu qu&#8217;on peut difficilement retracer leur chemin et donc les repr\u00e9senter ou les d\u00e9crire. Repr\u00e9senter une odeur par un canal color\u00e9 faisant route d&#8217;un lieu \u00e0 un autre pourrait \u00eatre une id\u00e9e de repr\u00e9sentation possible. <\/p>\n\n\n\n<figure class=\"wp-block-image size-large is-resized\"><img loading=\"lazy\" decoding=\"async\" src=\"http:\/\/psig.huma-num.fr\/cartes-sensibles\/wp-content\/uploads\/2020\/05\/Nume\u0301riser.jpeg\" alt=\"\" class=\"wp-image-462\" width=\"611\" height=\"411\" srcset=\"http:\/\/psig.huma-num.fr\/cartes-sensibles\/wp-content\/uploads\/2020\/05\/Nume\u0301riser.jpeg 709w, http:\/\/psig.huma-num.fr\/cartes-sensibles\/wp-content\/uploads\/2020\/05\/Nume\u0301riser-300x202.jpeg 300w\" sizes=\"auto, (max-width: 611px) 100vw, 611px\" \/><\/figure>\n\n\n\n<p>R\u00e9p\u00e9tition &#8211;  Le confinement nous oblige \u00e0 revoir nos besoins secondaires : retoucheur, pressing, coiffeur, fleuriste, caviste, bricolage, esth\u00e9ticienne, mercerie, caf\u00e9s, restaurants, biblioth\u00e8que, salle de classe. Etaient-ils r\u00e9ellement indispensables? Repenser son quotidien. Qu\u2019est ce que leur absence provoque en nous? Se contenter de ce qui est l\u00e0 et s\u2019adapter.&nbsp;Mais ce qui est l\u00e0 devient redondant apr\u00e8s 30 jours confin\u00e9s quand on \u00e9tait habitu\u00e9 \u00e0 des journ\u00e9es h\u00e9t\u00e9rog\u00e8nes. On commence \u00e0 tourner en rond et pourtant on a mille choses sur le feu. Mais la routine s\u2019est install\u00e9e.&nbsp; D\u2019abord notre <em>m\u00e9tro boulot dodo<\/em> a \u00e9t\u00e9 bris\u00e9e \u00e0 Jour J. Notre <em>m\u00e9tro boulot dodo <\/em>qu\u2019on aimait bien finalement, qu\u2019on avait r\u00e9ussi \u00e0 rendtre attractif  chacun \u00e0 sa mani\u00e8re, gr\u00e2ce \u00e0 nos activit\u00e9s, nos sorties, nos rencontres, qui ont disparue aujourd&#8217;hui. Il a donc fallu choisir un lieu, se cr\u00e9er un environnement plaisant, dans lequel se confiner. En le transformant ou l\u2019adaptant \u00e0 nos besoins, se cr\u00e9er un environnement agr\u00e9able, s\u2019installer un bureau confortable pour t\u00e9l\u00e9travailler, faire de la place pour les ateliers cr\u00e9atifs, rassembler les outils, faire la liste des t\u00e2ches \u00e0 accomplir pour s&#8217;occuper, faire ce qu&#8217;on n&#8217;avait pas le temps de faire, s\u2019inventer une salle&nbsp; sport, remplir les placards de la cuisine au cas o\u00f9, vider le grenier, repeindre le salon, ordonner sa biblioth\u00e8que bref, se mettre \u00e0 la p\u00e2tisserie, tout un tas d\u2019activit\u00e9s que l\u2019on fait pour passer le temps, se r\u00e9approprier l&#8217;espace ou se sentir <em>chez soi.<\/em><\/p>\n\n\n\n<p>Ce nouveau quotidien \u00e9tait m\u00eame amusant les 15 premiers jours. Tant qu\u2019on pensait que \u00e7a ne durerait pas plus d\u2019un mois.&nbsp;Les observations, la prise de note dans mon carnet du confinement m\u2019occupait et m\u2019amusait jusqu\u2019\u00e0 ce que \u00e7a devienne malgr\u00e9 moi&nbsp; une nouvelle routine.&nbsp;Alors il a fallu la d\u00e9construire \u00e0 son tour.  La routine tue la spontan\u00e9it\u00e9 et la cr\u00e9ativit\u00e9 \u00e0 mon sens. Ce qui semblait exceptionnel au d\u00e9but du confinement ne l\u2019\u00e9tait plus \u00e0 force et devenait ennuyeux, r\u00e9p\u00e9titif. &nbsp;Le confinement devenait officiellement notre quotidien et non plus une parenth\u00e8se hors du commun.&nbsp;Tout basculait. Je me mettais \u00e0 dessiner des fen\u00eatres, volets ouverts ou ferm\u00e9s, grandes ou petites, vives ou ternes, des fen\u00eatres ouvertes sur le monde. <\/p>\n\n\n\n<figure class=\"wp-block-image size-large is-resized\"><img loading=\"lazy\" decoding=\"async\" src=\"http:\/\/psig.huma-num.fr\/cartes-sensibles\/wp-content\/uploads\/2020\/05\/Nume\u0301riser-3.jpeg\" alt=\"\" class=\"wp-image-464\" width=\"607\" height=\"443\" srcset=\"http:\/\/psig.huma-num.fr\/cartes-sensibles\/wp-content\/uploads\/2020\/05\/Nume\u0301riser-3.jpeg 873w, http:\/\/psig.huma-num.fr\/cartes-sensibles\/wp-content\/uploads\/2020\/05\/Nume\u0301riser-3-300x219.jpeg 300w, http:\/\/psig.huma-num.fr\/cartes-sensibles\/wp-content\/uploads\/2020\/05\/Nume\u0301riser-3-768x561.jpeg 768w\" sizes=\"auto, (max-width: 607px) 100vw, 607px\" \/><\/figure>\n\n\n\n<p>Petit \u00e0 petit on reprend nos vieilles habitudes, on revient \u00e0 la normalit\u00e9 avec une certaine lassitude, \u00e0 ce qu\u2019on faisait avant le confinement. t pourtant rien n\u2019est comme avant. Encore une fois, on doit se r\u00e9adapter \u00e0 ce qui a chang\u00e9 sans qu\u2019on le d\u00e9cide, sans qu\u2019on ai prise.<\/p>\n\n\n\n<p>Cette derni\u00e8re carte montre mon \u00e9volution, mon mouvement \u00e0 J+7, en interaction ou en recherche de lien social aussi bien \u00e0 l\u2019ext\u00e9rieur vers la rue, qu\u2019a l\u2019int\u00e9rieur de ma propre maison. Le champ s\u2019\u00e9tait \u00e9largit. Il s\u2019agissait d\u2019un mouvement d\u2019ouverture vers l\u2019autre.&nbsp; A J+30, le mouvement a disparu, je tourne en rond dans ma chambre et sur moi m\u00eame.  Le besoin d\u2019interaction a laiss\u00e9 place \u00e0 un besoin de solitude, un besoin de se r\u00e9-approprier l\u2019espace, de se recr\u00e9er un espace d\u2019intimit\u00e9. A une immobilit\u00e9. Le champ s\u2019est resserr\u00e9 pour un mouvement d\u2019int\u00e9riorit\u00e9.&nbsp;<\/p>\n\n\n\n<figure class=\"wp-block-image size-large is-resized\"><img loading=\"lazy\" decoding=\"async\" src=\"http:\/\/psig.huma-num.fr\/cartes-sensibles\/wp-content\/uploads\/2020\/04\/5-5.Interaction-intext-J30-.jpeg\" alt=\"\" class=\"wp-image-296\" width=\"500\" height=\"772\" srcset=\"http:\/\/psig.huma-num.fr\/cartes-sensibles\/wp-content\/uploads\/2020\/04\/5-5.Interaction-intext-J30-.jpeg 477w, http:\/\/psig.huma-num.fr\/cartes-sensibles\/wp-content\/uploads\/2020\/04\/5-5.Interaction-intext-J30--195x300.jpeg 195w\" sizes=\"auto, (max-width: 500px) 100vw, 500px\" \/><\/figure>\n\n\n\n<p>Le nombre incalculable d&#8217;alternatives pour repr\u00e9senter sa perception des choses en cartographie montre bien qu&#8217;il n&#8217;existe pas une r\u00e9alit\u00e9 commune \u00e0 tous mais bien autant de r\u00e9alit\u00e9s et de perceptions diff\u00e9rentes que d&#8217;\u00eatres humains sur cette terre. On utilise alors des  mat\u00e9riaux, parfois limitants, pour repr\u00e9senter notre perception selon des r\u00e9f\u00e9rentiels communs, codes, symboles, images, couleurs etc toutes informations capables de nous \u00e9clairer, nous permettre d&#8217;entrer dans le l&#8217;univers per\u00e7u par l&#8217;auteur de la cartographie.  <\/p>\n\n\n\n<p>L&#8217;interaction entre l&#8217;homme et son territoire urbain rel\u00e8ve d&#8217;une grande complexit\u00e9 d&#8217;analyse due \u00e0 la complexit\u00e9 humaine elle m\u00eame dont le champs de recherche est presque infini. <\/p>\n\n\n\n<p>Edgar Morin s&#8217;attache \u00e0 d\u00e9finir l&#8217;homme \u00e0 travers des dimensions trinitaires jusque l\u00e0 consid\u00e9r\u00e9es s\u00e9par\u00e9ment. Ensemble, elles permettraient selon lui, de comprendre l&#8217;homme \u00e0 une \u00e9chelle plus globale. Il s&#8217;agit de  l&#8217;individu, de la soci\u00e9t\u00e9 humaine et de l&#8217;espace biologique, autrement dit le large r\u00e9seau d&#8217;informations \u00e0 consid\u00e9rer dans une telle analyse concernant l&#8217;homme dans son milieu urbain doit pouvoir concevoir et analyser sa psychologie, son appartenance sociale et son origine culturelle et sa physiologie. Il pr\u00f4ne la richesse et la n\u00e9cessit\u00e9 sans faille de l&#8217;interdisciplinarit\u00e9 et de son pouvoir d&#8217;interaction entre les connaissances.  Jusque l\u00e0 trop souvent exclue des analyses de fonds et qui permettrait pourtant de mieux comprendre la complexit\u00e9 du monde. D&#8217;apr\u00e8s lui, la pens\u00e9e binaire de l&#8217;homme limiterait sa vision du monde, l&#8217;emp\u00eachant de penser \u00e0 une \u00e9chelle plus  globale, le r\u00e9duisant \u00e0 penser une partie du tout plut\u00f4t que le tout lui m\u00eame. (Edgar Morin, <em>Penser global, l&#8217;homme et son univers,<\/em> 2015) <\/p>\n","protected":false},"excerpt":{"rendered":"<p>16 mars, Jour J, c&#8217;est officiellement le d\u00e9but du confinement. J\u2019ai commenc\u00e9 \u00e0 tenir un carnet de confinement qui me permettra de garder en m\u00e9moire toutes mes impressions et sensations. Il me force \u00e0 analyser mon environnement, \u00e0 observer son \u00e9volution, ses transformations en me basant sur mes souvenirs d&#8217;un temps sans confinement, o\u00f9 on &hellip; <a href=\"http:\/\/psig.huma-num.fr\/cartes-sensibles\/confinement-alba-perset\/\" class=\"more-link\">Continuer la lecture de <span class=\"screen-reader-text\">Confinement Alba Perset<\/span>  <span class=\"meta-nav\">&rarr;<\/span><\/a><\/p>\n","protected":false},"author":2,"featured_media":0,"comment_status":"open","ping_status":"open","sticky":false,"template":"","format":"standard","meta":{"footnotes":""},"categories":[4],"tags":[],"class_list":["post-290","post","type-post","status-publish","format-standard","hentry","category-confinement"],"_links":{"self":[{"href":"http:\/\/psig.huma-num.fr\/cartes-sensibles\/wp-json\/wp\/v2\/posts\/290","targetHints":{"allow":["GET"]}}],"collection":[{"href":"http:\/\/psig.huma-num.fr\/cartes-sensibles\/wp-json\/wp\/v2\/posts"}],"about":[{"href":"http:\/\/psig.huma-num.fr\/cartes-sensibles\/wp-json\/wp\/v2\/types\/post"}],"author":[{"embeddable":true,"href":"http:\/\/psig.huma-num.fr\/cartes-sensibles\/wp-json\/wp\/v2\/users\/2"}],"replies":[{"embeddable":true,"href":"http:\/\/psig.huma-num.fr\/cartes-sensibles\/wp-json\/wp\/v2\/comments?post=290"}],"version-history":[{"count":18,"href":"http:\/\/psig.huma-num.fr\/cartes-sensibles\/wp-json\/wp\/v2\/posts\/290\/revisions"}],"predecessor-version":[{"id":488,"href":"http:\/\/psig.huma-num.fr\/cartes-sensibles\/wp-json\/wp\/v2\/posts\/290\/revisions\/488"}],"wp:attachment":[{"href":"http:\/\/psig.huma-num.fr\/cartes-sensibles\/wp-json\/wp\/v2\/media?parent=290"}],"wp:term":[{"taxonomy":"category","embeddable":true,"href":"http:\/\/psig.huma-num.fr\/cartes-sensibles\/wp-json\/wp\/v2\/categories?post=290"},{"taxonomy":"post_tag","embeddable":true,"href":"http:\/\/psig.huma-num.fr\/cartes-sensibles\/wp-json\/wp\/v2\/tags?post=290"}],"curies":[{"name":"wp","href":"https:\/\/api.w.org\/{rel}","templated":true}]}}