{"id":308,"date":"2020-03-09T15:21:00","date_gmt":"2020-03-09T14:21:00","guid":{"rendered":"http:\/\/psig.huma-num.fr\/cartes-sensibles\/?p=308"},"modified":"2020-07-02T14:30:45","modified_gmt":"2020-07-02T12:30:45","slug":"confinement-manon-prudhomme","status":"publish","type":"post","link":"http:\/\/psig.huma-num.fr\/cartes-sensibles\/confinement-manon-prudhomme\/","title":{"rendered":"Confinement &#8211; Manon Prud&#8217;homme"},"content":{"rendered":"\n<p><strong>Samedi 14 mars : <\/strong>mes d\u00e9placements sont d\u00e9j\u00e0 tr\u00e8s limit\u00e9s. Depuis l&#8217;annonce du gouvernement le jeudi 12 mars, je reste \u00e0 mon domicile, \u00e0 Argenteuil, faute de pouvoir aller \u00e0 la biblioth\u00e8que de l&#8217;INaLCO o\u00f9 j&#8217;avais \u00e9lu domicile depuis plusieurs semaines pour avancer sur mes recherches.<\/p>\n\n\n\n<p>Mes trajets avant confinement se r\u00e9sumaient \u00e0 la Gare d&#8217;Argenteuil-Paris Saint Lazare-Biblioth\u00e8que Fran\u00e7ois Mitterrand. Parfois, en rentrant, je passais au supermarch\u00e9 d&#8217;Argenteuil pour faire quelques courses. Et une semaine sur deux, je me rendais \u00e0 mes s\u00e9minaires du deuxi\u00e8me semestre : atelier de cartographie sensible boulevard Raspail et le s\u00e9minaire de ma directrice \u00e0 la Maison de l&#8217;Asie, Avenue du Pr\u00e9sident Wilson. <\/p>\n\n\n\n<p>Il \u00e9tait pr\u00e9vu que je me retire chez mes parents, dans l&#8217;Indre, pour \u00e9crire une partie de mon m\u00e9moire de recherche entre le 27 mars et jusqu&#8217;au 22 avril. Je n&#8217;ai jamais \u00e9t\u00e9 excessivement attach\u00e9e \u00e0 ma vie parisienne. Je me suis install\u00e9e dans la r\u00e9gion en 2013, apr\u00e8s mon bac pour pouvoir y faire mes \u00e9tudes en cor\u00e9en, \u00e0 l&#8217;INaLCO (13e arr.) J&#8217;avais d\u00e9m\u00e9nag\u00e9 plusieurs fois, Saint-Ouen-L&#8217;aum\u00f4ne dans le Val d&#8217;Oise jusqu&#8217;en 2014, puis Nanterre dans les Hauts de Seine jusqu&#8217;en 2016 et enfin Argenteuil dans le Val d&#8217;Oise; le d\u00e9partement o\u00f9 ma m\u00e8re a grandi. Je fr\u00e9quente Paris et sa banlieue depuis donc presque 7 ans mais rien n&#8217;y fait, je ressens toujours une envie incontr\u00f4lable de rentrer aupr\u00e8s des miens, dans la diagonale du vide. Adolescente, je n&#8217;avais pourtant qu&#8217;une seule envie, c&#8217;\u00e9tait de partir tr\u00e8s vite et tr\u00e8s loin de cet endroit. Aujourd&#8217;hui, je crois que je ne vois pas \u00eatre ailleurs qu&#8217;ici, en Brenne. Retourner \u00e0 cet endroit au printemps et peut-\u00eatre la chose qui me motive le plus. Les paysage renaissent au fil des jours et c&#8217;est particuli\u00e8rement apaisant dans cette p\u00e9riode qui, au del\u00e0 de la crise sanitaire, est une p\u00e9riode charni\u00e8re pour moi puisque je m&#8217;appr\u00eate \u00e0 terminer un second cycle d&#8217;\u00e9tudes sup\u00e9rieure (non sans peine). C&#8217;est aussi une p\u00e9riode o\u00f9 le rythme de travail est intense : on veut terminer dans les temps son m\u00e9moire pour pouvoir soutenir \u00e0 la premi\u00e8re session, on postule pour des bourses en pr\u00e9vision de la th\u00e8se, ce qui veut dire, r\u00e9fl\u00e9chir \u00e0 son sujet de th\u00e8se (!). <\/p>\n\n\n\n<p>Alors voil\u00e0&#8230; nous sommes samedi 13 mars et mon d\u00e9part est pr\u00e9vu pour le 27 mars, jour de l&#8217;anniversaire de mon p\u00e8re. Mais rien ne se passe vraiment comme pr\u00e9vu. Non, vraiment rien. Les universit\u00e9s ferment, les biblioth\u00e8ques aussi et je me retrouve finalement seule, dans mon appartement \u00e0 Argenteuil avec Pablo, mon chat et dans l&#8217;impossibilit\u00e9 de travailler. Je travaille mal chez moi et j&#8217;\u00e9vite de transformer mon studio, mon lieu de vie, celui qui doit \u00eatre un refuge ou plut\u00f4t un lien apaisant, en un lieu de travail fr\u00e9n\u00e9tique et contraignant. Je laisse cette charge aux salles du rez-de-jardin de la BU de l&#8217;INaLCO. <\/p>\n\n\n\n<p>Les journ\u00e9es se ressemblent. Toutes. Les nouvelles ne sont pas bonnes. Les r\u00e9seaux sociaux ne font pas non plus \u00e9cho de bonnes nouvelles. Tout mon environnement devient particuli\u00e8rement n\u00e9gatif et stressant. Alors samedi apr\u00e8s-midi, au dernier moment, je d\u00e9cide de partir. Instinctivement et surtout parce que je ne me voyais pas passer une journ\u00e9e de plus \u00e0 Argenteuil. J&#8217;\u00e9change au dernier moment mon billet de train et trouve un trajet Paris Bercy-Ch\u00e2teauroux pour la fin de journ\u00e9e. Je boucle ma valise, pr\u00e9viens mes parents que j&#8217;arrive finalement ce soir, je mets Pablo dans sa cage, emporte les livres n\u00e9cessaires \u00e0 ma recherche, donne mes restes de nourriture \u00e0 ma voisine de palier, ferme mes volets, d\u00e9branche mes prises \u00e9lectriques et ferme \u00e0 cl\u00e9s la porte de mon appartement. Je pars&#8230; plut\u00f4t je rentre. <\/p>\n\n\n\n<p>J&#8217;arrive en gare de Ch\u00e2teauroux avec un retard d&#8217;environ 45 minutes. Il est 22 heures 30. Tout le monde parle de mesure de confinement et que le gouvernement devrait annoncer la mesure d\u00e8s demain. Je suis heureuse de retrouver mes parents et de me retrouver dans un lieu qui fait baisser consid\u00e9rablement mon niveau de stress. 60 kilom\u00e8tres nous s\u00e9parent de notre domicile. Diagonale du vide oblige! Nous arrivons donc 1 heure plus tard chez nous. Mes parents, non sans fiert\u00e9, me pr\u00e9sentent les travaux qu&#8217;ils ont entrepris cet automne pour am\u00e9nager une partie des combles de la maison. Ma m\u00e8re voulait cr\u00e9er une sorte de dortoir, pour les quatre enfants de ma s\u0153ur de sorte \u00e0 ce que lorsque nous puissions tous dormir \u00e0 la maison quand nous sommes tous l\u00e0, notamment \u00e0 No\u00ebl. Jusqu&#8217;\u00e0 pr\u00e9sent, j&#8217;allais dormir chez ma grand-m\u00e8re, \u00e0 quelques kilom\u00e8tres, faute de place dans la maison.  <\/p>\n\n\n\n<p>J&#8217;ai donc \u00e9lu domicile dans cette belle et nouvelle partie am\u00e9nag\u00e9e. Pablo a repris ses marques et il a retrouv\u00e9 son amie Paupiette, le chat de mes parents. C&#8217;est apais\u00e9e et sereine que je me couche cette nuit-l\u00e0. Je me dis que confinement ou pas confinement, quoiqu&#8217;il arrive, cette p\u00e9riode doit \u00eatre r\u00e9serv\u00e9e \u00e0 l&#8217;\u00e9criture de mon m\u00e9moire. <\/p>\n\n\n\n<p><strong>Lundi 16 mars : <\/strong>l&#8217;annonce pr\u00e9sidentielle est pr\u00e9vue pour 20 heures. Je d\u00e9cide donc d&#8217;en profiter et de rejoindre trois amis d&#8217;enfance dans la ville voisine de Le Blanc, \u00e0 10 kilom\u00e8tres de mon domicile. Les premiers tours des \u00e9lections municipales se sont tenues la veille. Des \u00e9lections auxquelles je n&#8217;ai d\u00e9lib\u00e9r\u00e9ment pas particip\u00e9. En revanche, un de mes amis s&#8217;\u00e9tait pr\u00e9sent\u00e9 sur une liste pour la ville de Le Blanc. Sa liste n&#8217;\u00e9tait pas en t\u00eate mais \u00e9tait qualifi\u00e9e pour le second tour. J&#8217;ai pris ma voiture et je suis partie le rejoindre avec une autre amie, chez lui.<\/p>\n\n\n\n<p>J&#8217;aime ces retrouvailles, qui en r\u00e9alit\u00e9 n&#8217;en sont pas vraiment. Nous formons un groupe, fraternel, nous partageons ensemble tout, depuis&#8230; presque toujours. Ce sont des piliers, j&#8217;ai grandi avec eux ici et m\u00eame lorsque je suis partie (eux sont rest\u00e9s dans les alentours), nous sommes rest\u00e9s tr\u00e8s proches. Ils font partie de ces amis avec qui je n&#8217;\u00e9change pas quotidiennement, que je n&#8217;appelle que tr\u00e8s rarement, mais que je retrouve toujours lorsque je reviens chez moi; soit environ 1 fois tous les mois et demi. On se retrouve toujours chez les uns ou chez les autres ou alors au bar du Centre, au Blanc. Je partage avec eux des chocolats chauds l&#8217;hiver, des vins blancs en terrasse l&#8217;\u00e9t\u00e9, des bi\u00e8res lors des grands \u00e9v\u00e9nements sportifs, mais surtout une amiti\u00e9 profonde et sinc\u00e8re. Ce sont eux que je retrouve chaque \u00e9t\u00e9 lorsque je reviens pendant les vacances. C&#8217;est avec eux que je pars me baigner dans la Creuse, la Gartempe ou l&#8217;Anglin. C&#8217;est avec eux que je vais faire du shopping dans les villes moyennes des alentours comme Tours ou Poitiers. Ce sont des compagnons, des membres de ma famille qui ont ce don si particulier de me faire sentir <em>chez moi. <\/em><\/p>\n\n\n\n<p>Alors ce lundi, quand le pr\u00e9sident annonce les mesures de confinement je me dis que j&#8217;ai bien fait d&#8217;aller voir mes amis juste avant. Avec le recul, je me dis que c&#8217;\u00e9tait peut-\u00eatre m\u00eame un peu b\u00eate d&#8217;y avoir \u00e9t\u00e9. J&#8217;avais peut-\u00eatre \u00e9t\u00e9 contamin\u00e9e \u00e0 Paris ? Ou peut-\u00eatre que eux l&#8217;avaient \u00e9t\u00e9 ici ? On ne savait rien et c&#8217;\u00e9tait trop tard. Alors le lendemain, \u00e0 partir de midi, il faudra se munir d&#8217;une attestation pour se d\u00e9placer. Les questions ne fusent pas tellement pour moi. J&#8217;avais pr\u00e9vu de rester \u00e0 la maison toute la journ\u00e9e et de ne sortir qu&#8217;une fois mon labeur quotidien achev\u00e9 pour voir mes amis. C&#8217;est surtout pour mes parents que les questions se posent. Ils sont artisans, mon p\u00e8re est m\u00e9canicien et ma m\u00e8re est sa secr\u00e9taire. Ils travaillent dans le village voisin, \u00e0 Fontgombault. <\/p>\n\n\n\n<p>Petite, j&#8217;ai rapidement appris et surtout compris pourquoi contrairement \u00e0 mes amis je ne partais pas l&#8217;\u00e9t\u00e9 en vacances avec mes parents. De mani\u00e8re g\u00e9n\u00e9rale d&#8217;ailleurs, je ne partais pas sillonner les routes de France pendant les vacances. On ne partait pas vraiment en vacances \u00e0 l&#8217;exception d&#8217;une semaine par an, en hiver, hors vacances scolaires (c&#8217;\u00e9tait moins cher) pour aller dans les Alpes o\u00f9 mon p\u00e8re avait l&#8217;habitude de skier enfant. Un jour non travaill\u00e9 pour mes parents \u00e9quivaut \u00e0 de l&#8217;argent perdu. Depuis que je suis partie de la maison, je les vois partir plus fr\u00e9quemment et s&#8217;octroyer des weekends de 4 ou 5 jours pour participer \u00e0 des concours de tir-\u00e0-l&#8217;arc mais rarement plus.<\/p>\n\n\n\n<p>Alors pourraient-ils travailler ? Seront-ils autoris\u00e9s \u00e0 ouvrir leur garage ? Si oui, les clients honoreront-ils leurs rendez-vous ? Quelles aides mes parents aurons en cas de grosse perte de chiffre d&#8217;affaire ? [La r\u00e9ponse est : rien]. Finalement, l&#8217;inqui\u00e9tude refaisait surface au fil des jours mais chaque jour mes parents partent travailler. Ils travaillent moins mais ils travaillent. <\/p>\n\n\n\n<h2 class=\"wp-block-heading\">Quotidien confin\u00e9 ?<\/h2>\n\n\n\n<p>Depuis pr\u00e8s d&#8217;un mois les mesures de confinement ont \u00e9t\u00e9 annonc\u00e9e et je dois avouer que la vie n&#8217;est pas si diff\u00e9rente que d&#8217;habitude. Mon rythme de vie n&#8217;a pas \u00e9t\u00e9 boulevers\u00e9. J&#8217;ai de la chance. J&#8217;observe comme pr\u00e9vu le printemps, dans un jardin vaste et avec une m\u00e9t\u00e9o on ne peut plus cl\u00e9mente. L\u00e0 aussi, j&#8217;ai de la chance. Mes parents travaillent et par cons\u00e9quent ne sont pas constamment \u00e0 la maison. J&#8217;ai encore de la chance. C&#8217;est tr\u00e8s calme et la r\u00e9gion demeure encore l&#8217;une des r\u00e9gions les moins touch\u00e9es. Chance, encore. <\/p>\n\n\n\n<p>Mes journ\u00e9es sont rythm\u00e9es de la m\u00eame mani\u00e8re. Vers 9h30, je me r\u00e9veille. J&#8217;ai plaisir \u00e0 prendre le temps le matin alors je prends un petit d\u00e9jeuner, je prends une douche et en fin de matin\u00e9e, si je me sens d&#8217;attaque, je me plonge dans le travail que j&#8217;ai \u00e0 faire. <br>En fin de matin\u00e9e je pr\u00e9pare le d\u00e9jeuner pour mes parents qui rentrent vers midi et repartent \u00e0 14 heures. L&#8217;apr\u00e8s-midi est consacr\u00e9e aux divers rendus dont le m\u00e9moire qui avance (presque) comme je le voudrais. Et j&#8217;essaie d&#8217;arr\u00eater mes activit\u00e9s lorsque mes parents rentrent du travail vers 19 heures. Parfois je reprends le soir mais c&#8217;est selon mes envies. Ajoutons \u00e0 cela que je ne peux que travailler dans la pi\u00e8ce commune qui est la seule pi\u00e8ce qui poss\u00e8de une connexion Wi-Fi.<\/p>\n\n\n\n<p>C&#8217;est comme \u00e7a chaque jour. Sans presque aucune exception. Le weekend mes parents sont \u00e0 la maison et vaquent \u00e0 leurs occupations (couture, tonte de la pelouse, bricolage, lecture) pendant que je vaque aux miennes. On ne se marche pas dessus. On respecte les mesures de confinement \u00e0 la lettre. Depuis le d\u00e9but du confinement, je ne suis sortie que 3 fois pour accompagner ma m\u00e8re faire des courses. Mes parents prennent \u00e9galement le soin de faire attention sur leur lieu de travail et de mettre en place des mesures exceptionnelles : d\u00e9sinfection des v\u00e9hicules, obligation pour le client de rester \u00e0 l&#8217;entr\u00e9e du garage et de ne pas rentrer etc. <\/p>\n\n\n\n<p>En r\u00e9alit\u00e9 ce qui m&#8217;inqui\u00e8te le plus dans cette p\u00e9riode c&#8217;est ce qui va se passer apr\u00e8s. Je me rends compte que le monde tourne et continue de tourner. Les \u00e9tudiants n&#8217;ont pas vraiment d&#8217;informations sur ce qui va se passer apr\u00e8s et c&#8217;est s\u00fbrement parce que les institutions elles-m\u00eames n&#8217;ont pas les r\u00e9ponses. Alors je me retrouve mi avril avec un planning identique \u00e0 ce qu&#8217;il devait \u00eatre sans les mesures de confinement. La charge de travail est lourde et p\u00e8se un peu sur le moral parce que je ne sais pas si tout \u00e7a rime r\u00e9ellement \u00e0 quelque chose. Mon m\u00e9moire avance mais vais-je pouvoir soutenir en juin ? Parall\u00e8lement, la campagne de candidature pour la bourse cor\u00e9enne \u00e0 laquelle je candidate a \u00e9t\u00e9 lanc\u00e9e et avec aucun d\u00e9lais suppl\u00e9mentaire compte tenu de la situation et de la fermeture des universit\u00e9s partout en Europe. Construire un projet de th\u00e8se dans ces conditions n&#8217;est pas la chose la plus agr\u00e9able mais il a fallu pourtant le faire et en un temps record. \u00c0 cela s&#8217;ajoute les rendus (dont ceux de ce s\u00e9minaire). Et concernant les contrats doctoraux, seront-ils maintenus d\u00e9but septembre? Le calendrier universitaire n&#8217;a rarement \u00e9t\u00e9 aussi flou. Cette ann\u00e9e est exceptionnelle \u00e0 tous les plans et ce n&#8217;est pas vraiment facile \u00e0 g\u00e9rer \u00e9motionnellement. <\/p>\n\n\n\n<p>Comment cartographier sensiblement ce confinement? J&#8217;ai \u00e9prouv\u00e9 de grandes difficult\u00e9s \u00e0 l&#8217;id\u00e9e de faire cette exercice. Ecrire me semblait plus ais\u00e9 et puis je me suis dit qu&#8217;une chose me permettait quand m\u00eame de rendre ce confinement davantage agr\u00e9able et de sortir de ce tourbillon de travail qui me rends excessivement stress\u00e9e. \u00c0 l&#8217;heure o\u00f9 ce confinement est cens\u00e9 nous faire r\u00e9fl\u00e9chir sur nous-m\u00eame, sur notre fa\u00e7on de consommer et de voir le monde, moi, d\u00e9but mars, j&#8217;ai command\u00e9 une Nintendo Switch, b\u00eatement, c\u00e9dant aux pressions des publicitaires capitalistes. Finalement, je pense que \u00e7a a \u00e9t\u00e9 l&#8217;id\u00e9e la plus brillante que j&#8217;ai eu ces 6 derniers mois puisque chaque jour, \u00e0 heure fixe, je m&#8217;offre une ballade dans le monde formidable qu&#8217;est <em><strong>Animal Crossing. <\/strong><\/em>Joueuse inv\u00e9t\u00e9r\u00e9e depuis 2006, j&#8217;ai collectionn\u00e9 les jeux sur les diverses consoles Nintendo. Quoi de mieux donc que d&#8217;aller s&#8217;installer sur une \u00eele d\u00e9serte et d&#8217;y fonder notre propre ville avec des animaux? Moi qui, depuis deux ans \u00e9tudie l&#8217;urbanisation \u00e0 Pyongyang, \u00e0 quoi la ville de mes r\u00eaves pouvaient ressembler? Alors le 20 mars, la console \u00e9dition sp\u00e9ciale est arriv\u00e9e et l&#8217;aventure a pu commencer. <\/p>\n\n\n\n<h2 class=\"wp-block-heading\">Bienvenue \u00e0 Marimoa<\/h2>\n\n\n\n<figure class=\"wp-block-image size-large\"><img loading=\"lazy\" decoding=\"async\" width=\"248\" height=\"204\" src=\"http:\/\/psig.huma-num.fr\/cartes-sensibles\/wp-content\/uploads\/2020\/04\/marimoa.jpg\" alt=\"\" class=\"wp-image-212\"\/><figcaption><em>Marimoa &#8211; le 21 mars 2020<\/em><\/figcaption><\/figure>\n\n\n\n<p>Le premier jour, l&#8217;\u00eele ressemble \u00e0 une \u00eele d\u00e9serte, entour\u00e9e de plages et travers\u00e9e par une rivi\u00e8re. Au d\u00e9but du jeu, la rivi\u00e8re n&#8217;est pas franchissable puisque cela n\u00e9cessite une <em>perche<\/em>. Cet objet est d\u00e9bloqu\u00e9 apr\u00e8s avoir effectu\u00e9 quelques missions. De m\u00eame pour les espaces plus hauts (en vert plus clair) qui n\u00e9cessitent une \u00e9chelle.<br>En bas se trouve l&#8217;a\u00e9roport de l&#8217;\u00eele qui permet de partir visiter d&#8217;autres \u00eeles mais \u00e9galement de recevoir la visite d&#8217;autres joueurs.<br>La maison rose repr\u00e9sente ma maison. J&#8217;ai choisi l&#8217;emplacement lorsque Tom Nook m&#8217;a demand\u00e9 d&#8217;installer cette derni\u00e8re.<br>En bas, l&#8217;ic\u00f4ne avec un hibou repr\u00e9sente le mus\u00e9e de l&#8217;\u00eele tenu par Thibou. C&#8217;est ici que nous collectionnons les diff\u00e9rentes esp\u00e8ces de poissons, d&#8217;insectes et de fossiles collect\u00e9s sur notre \u00eele.<\/p>\n\n\n\n<figure class=\"wp-block-image size-large\"><img loading=\"lazy\" decoding=\"async\" width=\"1024\" height=\"576\" src=\"http:\/\/psig.huma-num.fr\/cartes-sensibles\/wp-content\/uploads\/2020\/04\/92243019_2115262065286639_7737431094672228352_o-1024x576.jpg\" alt=\"\" class=\"wp-image-217\" srcset=\"http:\/\/psig.huma-num.fr\/cartes-sensibles\/wp-content\/uploads\/2020\/04\/92243019_2115262065286639_7737431094672228352_o-1024x576.jpg 1024w, http:\/\/psig.huma-num.fr\/cartes-sensibles\/wp-content\/uploads\/2020\/04\/92243019_2115262065286639_7737431094672228352_o-300x169.jpg 300w, http:\/\/psig.huma-num.fr\/cartes-sensibles\/wp-content\/uploads\/2020\/04\/92243019_2115262065286639_7737431094672228352_o-768x432.jpg 768w, http:\/\/psig.huma-num.fr\/cartes-sensibles\/wp-content\/uploads\/2020\/04\/92243019_2115262065286639_7737431094672228352_o.jpg 1280w\" sizes=\"auto, (max-width: 1024px) 100vw, 1024px\" \/><figcaption><em>Inauguration du mus\u00e9e de Marimoa &#8211; 23 mars 2020<\/em><\/figcaption><\/figure>\n\n\n\n<p>Les tentes jaunes repr\u00e9sentes les habitations (pr\u00e9caires) des deux premiers habitants de notre \u00eele qui nous sont attribu\u00e9s au hasard au d\u00e9but du jeu. Pour ma part, j&#8217;ai eu le droit \u00e0 Nora et Brutus. J&#8217;ai \u00e9galement eu pour mission de trouver l&#8217;emplacement pour ces deux habitants.<br>Au centre de l&#8217;\u00eele avec une place se trouve le bureau des r\u00e9sidents o\u00f9 se trouve Tom Nook. C&#8217;est ici que se coordonne la vie de l&#8217;\u00eele, l\u00e0 o\u00f9 se trouvera la future mairie.<br>Enfin, l\u00e0 o\u00f9 se trouve l&#8217;ic\u00f4ne de localisation (o\u00f9 mon personnage se trouvait \u00e0 ce moment-l\u00e0 du jeu) est le lieu de la boutique de M\u00e9li et M\u00e9lo, le lieu o\u00f9 on vend et ach\u00e8te ce dont on a besoin.<\/p>\n\n\n\n<figure class=\"wp-block-image size-large\"><img loading=\"lazy\" decoding=\"async\" width=\"1024\" height=\"576\" src=\"http:\/\/psig.huma-num.fr\/cartes-sensibles\/wp-content\/uploads\/2020\/04\/93476984_2115264091953103_7323118951364296704_o-1024x576.jpg\" alt=\"\" class=\"wp-image-213\" srcset=\"http:\/\/psig.huma-num.fr\/cartes-sensibles\/wp-content\/uploads\/2020\/04\/93476984_2115264091953103_7323118951364296704_o-1024x576.jpg 1024w, http:\/\/psig.huma-num.fr\/cartes-sensibles\/wp-content\/uploads\/2020\/04\/93476984_2115264091953103_7323118951364296704_o-300x169.jpg 300w, http:\/\/psig.huma-num.fr\/cartes-sensibles\/wp-content\/uploads\/2020\/04\/93476984_2115264091953103_7323118951364296704_o-768x432.jpg 768w, http:\/\/psig.huma-num.fr\/cartes-sensibles\/wp-content\/uploads\/2020\/04\/93476984_2115264091953103_7323118951364296704_o.jpg 1280w\" sizes=\"auto, (max-width: 1024px) 100vw, 1024px\" \/><figcaption><em>Inauguration de la boutique Nook<\/em><\/figcaption><\/figure>\n\n\n\n<p>Le principe du jeu est de d\u00e9velopper une \u00eele d\u00e9serte sur laquelle nous, le seul humain du jeu ainsi que Tom Nook, M\u00e9li et M\u00e9lo (des tanuki business men ultra-capitalistes) vont \u00e9lire domicile. Le but du jeu est de rendre l&#8217;\u00eele ultra-touristique et ultra-attractive de sorte \u00e0 ce qu&#8217;elle obtienne 5 \u00e9toiles. Notre but est donc le d\u00e9veloppement et l&#8217;am\u00e9nagement du territoire de l&#8217;\u00eele. On part de z\u00e9ro. Ou presque. La monnaie locale s&#8217;appelle les <strong>clochettes<\/strong> et on en gagne en vendant des objets fabriqu\u00e9s par nous-m\u00eames des poissons et des insectes (qui varient selon les saisons). Au fur et \u00e0 mesure du temps, notre personnage d\u00e9bloque des choses : nouveaux plans de construction, agrandissement de b\u00e2timents, am\u00e9nagement du territoire etc et par cons\u00e9quent attire du monde.<\/p>\n\n\n\n<p>Au fur et \u00e0 mesure, notre personne se voit donc attribuer des missions de toute part afin de pouvoir d\u00e9velopper l&#8217;\u00eele. Ces missions permettent de d\u00e9bloquer de plus grandes fonctionnalit\u00e9s. Sur l&#8217;\u00eele de Marimoa, apr\u00e8s l&#8217;ouverture du mus\u00e9e et de la boutique, Tom Nook m&#8217;a charg\u00e9 de trouver de nouveaux habitants en mettant en vente de parcelles de terre de l&#8217;\u00eele. Apr\u00e8s ces premiers d\u00e9veloppements, l&#8217;\u00eele monte de niveau et la tente du bureau des r\u00e9sident devient un hall de mairie. Tom Nook se voit partager son bureau avec Marie qui elle, se charge de la r\u00e9putation de l&#8217;\u00eele, de l&#8217;hymne, des probl\u00e8mes de voisinage et du drapeau.<\/p>\n\n\n\n<p>Le nouveau bureau des r\u00e9sidents s&#8217;accompagne d&#8217;une place pav\u00e9e pouvant accueillir de nouveaux intervenants notamment Layette, la vendeuse de v\u00eatements qui vient trois fois par semaine sur l&#8217;\u00eele. Au fur et \u00e0 mesure des \u00e9changes avec cette derni\u00e8re, elle propose de venir installer sa boutique avec sa s\u0153ur Cousette.<\/p>\n\n\n\n<figure class=\"wp-block-image size-large\"><img loading=\"lazy\" decoding=\"async\" width=\"1024\" height=\"576\" src=\"http:\/\/psig.huma-num.fr\/cartes-sensibles\/wp-content\/uploads\/2020\/04\/93169920_2115260165286829_2096590939832188928_o-1024x576.jpg\" alt=\"\" class=\"wp-image-219\" srcset=\"http:\/\/psig.huma-num.fr\/cartes-sensibles\/wp-content\/uploads\/2020\/04\/93169920_2115260165286829_2096590939832188928_o-1024x576.jpg 1024w, http:\/\/psig.huma-num.fr\/cartes-sensibles\/wp-content\/uploads\/2020\/04\/93169920_2115260165286829_2096590939832188928_o-300x169.jpg 300w, http:\/\/psig.huma-num.fr\/cartes-sensibles\/wp-content\/uploads\/2020\/04\/93169920_2115260165286829_2096590939832188928_o-768x432.jpg 768w, http:\/\/psig.huma-num.fr\/cartes-sensibles\/wp-content\/uploads\/2020\/04\/93169920_2115260165286829_2096590939832188928_o.jpg 1280w\" sizes=\"auto, (max-width: 1024px) 100vw, 1024px\" \/><figcaption><em>Inauguration du nouveau bureau des r\u00e9sident et de sa place centrale<\/em><\/figcaption><\/figure>\n\n\n\n<figure class=\"wp-block-image size-large\"><img loading=\"lazy\" decoding=\"async\" width=\"1024\" height=\"576\" src=\"http:\/\/psig.huma-num.fr\/cartes-sensibles\/wp-content\/uploads\/2020\/04\/93315089_2115261165286729_229048252253601792_o-1024x576.jpg\" alt=\"\" class=\"wp-image-218\" srcset=\"http:\/\/psig.huma-num.fr\/cartes-sensibles\/wp-content\/uploads\/2020\/04\/93315089_2115261165286729_229048252253601792_o-1024x576.jpg 1024w, http:\/\/psig.huma-num.fr\/cartes-sensibles\/wp-content\/uploads\/2020\/04\/93315089_2115261165286729_229048252253601792_o-300x169.jpg 300w, http:\/\/psig.huma-num.fr\/cartes-sensibles\/wp-content\/uploads\/2020\/04\/93315089_2115261165286729_229048252253601792_o-768x432.jpg 768w, http:\/\/psig.huma-num.fr\/cartes-sensibles\/wp-content\/uploads\/2020\/04\/93315089_2115261165286729_229048252253601792_o.jpg 1280w\" sizes=\"auto, (max-width: 1024px) 100vw, 1024px\" \/><figcaption><em>Inauguration de la boutique Les S\u0153urs Doigts de F\u00e9e<\/em><\/figcaption><\/figure>\n\n\n\n<p>Chaque jour r\u00e9serve son lot de surprise dans ce jeu. Par dessous tout, il offre une parenth\u00e8se calme et paisible alors que tout autour de nous, dans le monde r\u00e9el, nous fait paniquer. C&#8217;est devenu un rituel pour moi chaque matin et chaque soir et m&#8217;envoler vers cette \u00eele que je d\u00e9veloppe \u00e0 mon allure puisque chaque chantier (construction d&#8217;un point ou de rampe d&#8217;escalier) n\u00e9cessite 24 heures de construction. Subsiste cette question sans r\u00e9ponse : \u00e0 quoi pourrait ressembler la ville de mes r\u00eaves? Serait-elle une ville?<\/p>\n\n\n\n<p>Aujourd&#8217;hui, la ville de Marimoa s&#8217;est bien d\u00e9velopp\u00e9e.<br>Le mus\u00e9e a \u00e9t\u00e9 d\u00e9plac\u00e9 au nord de l&#8217;\u00eele et sur\u00e9lev\u00e9. Au total, 9 habitants y ont \u00e9lu domicile et des chemins ont \u00e9t\u00e9 construits. En attendant la lev\u00e9e du confinement, cartographier l&#8217;\u00e9volution de Marimoa me semble ici la m\u00e9thode la plus adapt\u00e9e. Le quotidien sur cette \u00eele y est bien plus mouvement\u00e9 que celui du vrai monde qui consiste \u00e0 \u00e9crire des projets de th\u00e8se ou \u00e0 \u00e9crire un m\u00e9moire.<\/p>\n\n\n\n<figure class=\"wp-block-image size-large\"><img loading=\"lazy\" decoding=\"async\" width=\"1024\" height=\"576\" src=\"http:\/\/psig.huma-num.fr\/cartes-sensibles\/wp-content\/uploads\/2020\/04\/93109494_2115254371954075_8494326760270200832_o-1024x576.jpg\" alt=\"\" class=\"wp-image-220\" srcset=\"http:\/\/psig.huma-num.fr\/cartes-sensibles\/wp-content\/uploads\/2020\/04\/93109494_2115254371954075_8494326760270200832_o-1024x576.jpg 1024w, http:\/\/psig.huma-num.fr\/cartes-sensibles\/wp-content\/uploads\/2020\/04\/93109494_2115254371954075_8494326760270200832_o-300x169.jpg 300w, http:\/\/psig.huma-num.fr\/cartes-sensibles\/wp-content\/uploads\/2020\/04\/93109494_2115254371954075_8494326760270200832_o-768x432.jpg 768w, http:\/\/psig.huma-num.fr\/cartes-sensibles\/wp-content\/uploads\/2020\/04\/93109494_2115254371954075_8494326760270200832_o.jpg 1280w\" sizes=\"auto, (max-width: 1024px) 100vw, 1024px\" \/><figcaption><em>\u00cele de Marimoa &#8211; 10 mars 2020<\/em><\/figcaption><\/figure>\n","protected":false},"excerpt":{"rendered":"<p>Samedi 14 mars : mes d\u00e9placements sont d\u00e9j\u00e0 tr\u00e8s limit\u00e9s. Depuis l&#8217;annonce du gouvernement le jeudi 12 mars, je reste \u00e0 mon domicile, \u00e0 Argenteuil, faute de pouvoir aller \u00e0 la biblioth\u00e8que de l&#8217;INaLCO o\u00f9 j&#8217;avais \u00e9lu domicile depuis plusieurs semaines pour avancer sur mes recherches. Mes trajets avant confinement se r\u00e9sumaient \u00e0 la Gare &hellip; <a href=\"http:\/\/psig.huma-num.fr\/cartes-sensibles\/confinement-manon-prudhomme\/\" class=\"more-link\">Continuer la lecture de <span class=\"screen-reader-text\">Confinement &#8211; Manon Prud&#8217;homme<\/span>  <span class=\"meta-nav\">&rarr;<\/span><\/a><\/p>\n","protected":false},"author":2,"featured_media":0,"comment_status":"open","ping_status":"open","sticky":false,"template":"","format":"standard","meta":{"footnotes":""},"categories":[26],"tags":[],"class_list":["post-308","post","type-post","status-publish","format-standard","hentry","category-prive"],"_links":{"self":[{"href":"http:\/\/psig.huma-num.fr\/cartes-sensibles\/wp-json\/wp\/v2\/posts\/308","targetHints":{"allow":["GET"]}}],"collection":[{"href":"http:\/\/psig.huma-num.fr\/cartes-sensibles\/wp-json\/wp\/v2\/posts"}],"about":[{"href":"http:\/\/psig.huma-num.fr\/cartes-sensibles\/wp-json\/wp\/v2\/types\/post"}],"author":[{"embeddable":true,"href":"http:\/\/psig.huma-num.fr\/cartes-sensibles\/wp-json\/wp\/v2\/users\/2"}],"replies":[{"embeddable":true,"href":"http:\/\/psig.huma-num.fr\/cartes-sensibles\/wp-json\/wp\/v2\/comments?post=308"}],"version-history":[{"count":2,"href":"http:\/\/psig.huma-num.fr\/cartes-sensibles\/wp-json\/wp\/v2\/posts\/308\/revisions"}],"predecessor-version":[{"id":310,"href":"http:\/\/psig.huma-num.fr\/cartes-sensibles\/wp-json\/wp\/v2\/posts\/308\/revisions\/310"}],"wp:attachment":[{"href":"http:\/\/psig.huma-num.fr\/cartes-sensibles\/wp-json\/wp\/v2\/media?parent=308"}],"wp:term":[{"taxonomy":"category","embeddable":true,"href":"http:\/\/psig.huma-num.fr\/cartes-sensibles\/wp-json\/wp\/v2\/categories?post=308"},{"taxonomy":"post_tag","embeddable":true,"href":"http:\/\/psig.huma-num.fr\/cartes-sensibles\/wp-json\/wp\/v2\/tags?post=308"}],"curies":[{"name":"wp","href":"https:\/\/api.w.org\/{rel}","templated":true}]}}