{"id":360,"date":"2020-04-20T02:20:44","date_gmt":"2020-04-20T00:20:44","guid":{"rendered":"http:\/\/psig.huma-num.fr\/cartes-sensibles\/?p=360"},"modified":"2020-04-20T09:55:09","modified_gmt":"2020-04-20T07:55:09","slug":"trois-semaines-de-confinement","status":"publish","type":"post","link":"http:\/\/psig.huma-num.fr\/cartes-sensibles\/trois-semaines-de-confinement\/","title":{"rendered":"Trois semaines de confinement &#8211; S. Tselouiko"},"content":{"rendered":"\n<div class=\"wp-block-image\"><figure class=\"aligncenter size-large is-resized\"><img loading=\"lazy\" decoding=\"async\" src=\"http:\/\/psig.huma-num.fr\/cartes-sensibles\/wp-content\/uploads\/2020\/04\/Le\u0301gende-1024x720.jpeg\" alt=\"\" class=\"wp-image-359\" width=\"473\" height=\"331\"\/><figcaption>L\u00e9gende des cartes<\/figcaption><\/figure><\/div>\n\n\n\n<figure class=\"wp-block-image size-large\"><img loading=\"lazy\" decoding=\"async\" width=\"1024\" height=\"724\" src=\"http:\/\/psig.huma-num.fr\/cartes-sensibles\/wp-content\/uploads\/2020\/04\/Confinement-J-7-1024x724.jpg\" alt=\"\" class=\"wp-image-355\" srcset=\"http:\/\/psig.huma-num.fr\/cartes-sensibles\/wp-content\/uploads\/2020\/04\/Confinement-J-7-1024x724.jpg 1024w, http:\/\/psig.huma-num.fr\/cartes-sensibles\/wp-content\/uploads\/2020\/04\/Confinement-J-7-300x212.jpg 300w, http:\/\/psig.huma-num.fr\/cartes-sensibles\/wp-content\/uploads\/2020\/04\/Confinement-J-7-768x543.jpg 768w, http:\/\/psig.huma-num.fr\/cartes-sensibles\/wp-content\/uploads\/2020\/04\/Confinement-J-7-1536x1086.jpg 1536w, http:\/\/psig.huma-num.fr\/cartes-sensibles\/wp-content\/uploads\/2020\/04\/Confinement-J-7.jpg 1654w\" sizes=\"auto, (max-width: 1024px) 100vw, 1024px\" \/><figcaption>Avant le confinement <\/figcaption><\/figure>\n\n\n\n<figure class=\"wp-block-image size-large\"><img loading=\"lazy\" decoding=\"async\" width=\"1024\" height=\"724\" src=\"http:\/\/psig.huma-num.fr\/cartes-sensibles\/wp-content\/uploads\/2020\/04\/Confinement-J0-1024x724.jpg\" alt=\"\" class=\"wp-image-358\" srcset=\"http:\/\/psig.huma-num.fr\/cartes-sensibles\/wp-content\/uploads\/2020\/04\/Confinement-J0-1024x724.jpg 1024w, http:\/\/psig.huma-num.fr\/cartes-sensibles\/wp-content\/uploads\/2020\/04\/Confinement-J0-300x212.jpg 300w, http:\/\/psig.huma-num.fr\/cartes-sensibles\/wp-content\/uploads\/2020\/04\/Confinement-J0-768x543.jpg 768w, http:\/\/psig.huma-num.fr\/cartes-sensibles\/wp-content\/uploads\/2020\/04\/Confinement-J0-1536x1086.jpg 1536w, http:\/\/psig.huma-num.fr\/cartes-sensibles\/wp-content\/uploads\/2020\/04\/Confinement-J0.jpg 1654w\" sizes=\"auto, (max-width: 1024px) 100vw, 1024px\" \/><figcaption>Le premier jour du confinement<\/figcaption><\/figure>\n\n\n\n<figure class=\"wp-block-image size-large\"><img loading=\"lazy\" decoding=\"async\" width=\"1024\" height=\"740\" src=\"http:\/\/psig.huma-num.fr\/cartes-sensibles\/wp-content\/uploads\/2020\/04\/Confinement-J14-1024x740.jpg\" alt=\"\" class=\"wp-image-356\" srcset=\"http:\/\/psig.huma-num.fr\/cartes-sensibles\/wp-content\/uploads\/2020\/04\/Confinement-J14-1024x740.jpg 1024w, http:\/\/psig.huma-num.fr\/cartes-sensibles\/wp-content\/uploads\/2020\/04\/Confinement-J14-300x217.jpg 300w, http:\/\/psig.huma-num.fr\/cartes-sensibles\/wp-content\/uploads\/2020\/04\/Confinement-J14-768x555.jpg 768w, http:\/\/psig.huma-num.fr\/cartes-sensibles\/wp-content\/uploads\/2020\/04\/Confinement-J14-1536x1109.jpg 1536w, http:\/\/psig.huma-num.fr\/cartes-sensibles\/wp-content\/uploads\/2020\/04\/Confinement-J14.jpg 1617w\" sizes=\"auto, (max-width: 1024px) 100vw, 1024px\" \/><figcaption>Apr\u00e8s deux semaines de confinement<\/figcaption><\/figure>\n\n\n\n<figure class=\"wp-block-image size-large\"><img loading=\"lazy\" decoding=\"async\" width=\"1024\" height=\"724\" src=\"http:\/\/psig.huma-num.fr\/cartes-sensibles\/wp-content\/uploads\/2020\/04\/Confinement-J21-1024x724.jpg\" alt=\"\" class=\"wp-image-357\" srcset=\"http:\/\/psig.huma-num.fr\/cartes-sensibles\/wp-content\/uploads\/2020\/04\/Confinement-J21-1024x724.jpg 1024w, http:\/\/psig.huma-num.fr\/cartes-sensibles\/wp-content\/uploads\/2020\/04\/Confinement-J21-300x212.jpg 300w, http:\/\/psig.huma-num.fr\/cartes-sensibles\/wp-content\/uploads\/2020\/04\/Confinement-J21-768x543.jpg 768w, http:\/\/psig.huma-num.fr\/cartes-sensibles\/wp-content\/uploads\/2020\/04\/Confinement-J21-1536x1086.jpg 1536w, http:\/\/psig.huma-num.fr\/cartes-sensibles\/wp-content\/uploads\/2020\/04\/Confinement-J21.jpg 1654w\" sizes=\"auto, (max-width: 1024px) 100vw, 1024px\" \/><figcaption>Apr\u00e8s trois semaines de confinement<\/figcaption><\/figure>\n\n\n\n<p><\/p>\n\n\n\n<p>Ces quatre cartes repr\u00e9sentent quatre moments distincts : le temps avant le confinement, le jour J, deux semaines apr\u00e8s le confinement et enfin trois semaines apr\u00e8s. Elles ont \u00e9t\u00e9 r\u00e9alis\u00e9es selon le m\u00eame r\u00e9f\u00e9rentiel : mon foyer. <\/p>\n\n\n\n<p>Au d\u00e9part, j&#8217;avais pr\u00e9vu de r\u00e9aliser un triptyque pour chaque moment. Mais lorsque j&#8217;ai commenc\u00e9 \u00e0 r\u00e9aliser la premi\u00e8re carte, je me suis aper\u00e7ue que les informations que je comptais s\u00e9parer pour un soucis de lisibilit\u00e9 s&#8217;emboitaient mieux que  que je ne l&#8217;avais imagin\u00e9. J&#8217;ai donc repr\u00e9sent\u00e9 sur une m\u00eame carte, mon espace de vie, mes relations et mes perceptions. <\/p>\n\n\n\n<p>Pour les relations, et les d\u00e9placements, j&#8217;ai employ\u00e9 des fl\u00e8ches, pour les perceptions et les \u00e9motions j&#8217;ai utilis\u00e9 des symboles.  Sur certaines cartes, j&#8217;ai ins\u00e9r\u00e9 des photos pour illustrer les actions men\u00e9es par des personnes (petites et grandes) de mon entourage en lien direct avec la situation que nous traversons. J&#8217;ai souhait\u00e9 montrer des actions positives car ce sont celles que je vois en priorit\u00e9. <\/p>\n\n\n\n<p>Sur la carte &#8220;Avant le confinement&#8221;, on s&#8217;aper\u00e7oit que le parking n&#8217;est pas repr\u00e9sent\u00e9, car il est \u00e0 ce moment-l\u00e0 consid\u00e9r\u00e9 \u00e0 peine pour son utilit\u00e9 principale: garer ma voiture. Mais \u00e0 partir du d\u00e9but de confinement, il a commenc\u00e9 \u00e0 remplir une fonction tr\u00e8s importante : il est devenu l&#8217;aire de jeu de ma fille. La v\u00e9g\u00e9tation s&#8217;y est aussi bien d\u00e9velopp\u00e9e, non seulement parce que le printemps s&#8217;est install\u00e9, mais aussi parce que je me suis attach\u00e9e \u00e0 la contempler. Autour de moi, les objets repr\u00e9sent\u00e9s (lieux de travail, de loisir, famille, amis, etc.) n&#8217;ont pas boug\u00e9. C&#8217;est mon acc\u00e8s \u00e0 eux qui s&#8217;est transform\u00e9. <\/p>\n\n\n\n<p>Avec le confinement, de nouveaux r\u00e9seaux sont apparus, en particulier des r\u00e9seaux d&#8217;entraide et d&#8217;actions citoyennes (confection de masques) dans ma ville. Au lieu de m&#8217;isoler, ce confinement m&#8217;a permis d&#8217;aller \u00e0 la rencontre de nouvelles personnes.<\/p>\n\n\n\n<p>La dimension sonore est aussi tr\u00e8s importante dans mon exp\u00e9rience du confinement. Je suis sensible en particulier aux sir\u00e8nes des urgences qui me semblent augmenter avec le temps. Mais aussi le chant des oiseaux, que j&#8217;associe \u00e0 l&#8217;augmentation de la v\u00e9g\u00e9tation. En contrepartie, le bruit et l&#8217;odeur de la circulation automobile se sont att\u00e9nu\u00e9s. <\/p>\n\n\n\n<p>La situation que nous vivons appelle \u00e0 se recentrer \u00e9norm\u00e9ment. Ne pas se laisser envahir par des \u00e9motions trop fortes (surtout lorsqu&#8217;elles sont n\u00e9gatives) appara\u00eet n\u00e9cessaire pour supporter ces conditions de confinement. Je tenais donc \u00e0 repr\u00e9senter la dimension \u00e9motionnelle. J&#8217;ai voulu montrer \u00e0 travers ce petit graphique les variations entre \u00e9motions positives et n\u00e9gatives et leur \u00e9quilibrage, mais j&#8217;ai trouv\u00e9 que cela a \u00e9t\u00e9 tr\u00e8s difficile \u00e0 faire et au final, je n&#8217;en suis pas satisfaite.   <\/p>\n\n\n\n<p> <\/p>\n","protected":false},"excerpt":{"rendered":"<p>Ces quatre cartes repr\u00e9sentent quatre moments distincts : le temps avant le confinement, le jour J, deux semaines apr\u00e8s le confinement et enfin trois semaines apr\u00e8s. Elles ont \u00e9t\u00e9 r\u00e9alis\u00e9es selon le m\u00eame r\u00e9f\u00e9rentiel : mon foyer. Au d\u00e9part, j&#8217;avais pr\u00e9vu de r\u00e9aliser un triptyque pour chaque moment. Mais lorsque j&#8217;ai commenc\u00e9 \u00e0 r\u00e9aliser la &hellip; <a href=\"http:\/\/psig.huma-num.fr\/cartes-sensibles\/trois-semaines-de-confinement\/\" class=\"more-link\">Continuer la lecture de <span class=\"screen-reader-text\">Trois semaines de confinement &#8211; S. Tselouiko<\/span>  <span class=\"meta-nav\">&rarr;<\/span><\/a><\/p>\n","protected":false},"author":2,"featured_media":0,"comment_status":"open","ping_status":"open","sticky":false,"template":"","format":"standard","meta":{"footnotes":""},"categories":[4],"tags":[],"class_list":["post-360","post","type-post","status-publish","format-standard","hentry","category-confinement"],"_links":{"self":[{"href":"http:\/\/psig.huma-num.fr\/cartes-sensibles\/wp-json\/wp\/v2\/posts\/360","targetHints":{"allow":["GET"]}}],"collection":[{"href":"http:\/\/psig.huma-num.fr\/cartes-sensibles\/wp-json\/wp\/v2\/posts"}],"about":[{"href":"http:\/\/psig.huma-num.fr\/cartes-sensibles\/wp-json\/wp\/v2\/types\/post"}],"author":[{"embeddable":true,"href":"http:\/\/psig.huma-num.fr\/cartes-sensibles\/wp-json\/wp\/v2\/users\/2"}],"replies":[{"embeddable":true,"href":"http:\/\/psig.huma-num.fr\/cartes-sensibles\/wp-json\/wp\/v2\/comments?post=360"}],"version-history":[{"count":4,"href":"http:\/\/psig.huma-num.fr\/cartes-sensibles\/wp-json\/wp\/v2\/posts\/360\/revisions"}],"predecessor-version":[{"id":387,"href":"http:\/\/psig.huma-num.fr\/cartes-sensibles\/wp-json\/wp\/v2\/posts\/360\/revisions\/387"}],"wp:attachment":[{"href":"http:\/\/psig.huma-num.fr\/cartes-sensibles\/wp-json\/wp\/v2\/media?parent=360"}],"wp:term":[{"taxonomy":"category","embeddable":true,"href":"http:\/\/psig.huma-num.fr\/cartes-sensibles\/wp-json\/wp\/v2\/categories?post=360"},{"taxonomy":"post_tag","embeddable":true,"href":"http:\/\/psig.huma-num.fr\/cartes-sensibles\/wp-json\/wp\/v2\/tags?post=360"}],"curies":[{"name":"wp","href":"https:\/\/api.w.org\/{rel}","templated":true}]}}