{"id":371,"date":"2020-04-20T09:54:29","date_gmt":"2020-04-20T07:54:29","guid":{"rendered":"http:\/\/psig.huma-num.fr\/cartes-sensibles\/?p=371"},"modified":"2020-04-20T11:18:47","modified_gmt":"2020-04-20T09:18:47","slug":"pirot-francoise-2","status":"publish","type":"post","link":"http:\/\/psig.huma-num.fr\/cartes-sensibles\/pirot-francoise-2\/","title":{"rendered":"Confinement &#8211; PIROT  Fran\u00e7oise"},"content":{"rendered":"\n<p><strong>Confinement au Kremlin Bic\u00eatre&nbsp;: P\u00e9riode du 17 mars 2020 au 19 Avril 2020<\/strong><\/p>\n\n\n\n<p>Le Kremlin Bic\u00eatre est une commune du Val de Marne cr\u00e9\u00e9e en 1896 et situ\u00e9e \u00e0 proximit\u00e9 de la Porte d\u2019Italie. Sur le territoire de la commune, se trouve l\u2019h\u00f4pital-CHU de Bic\u00eatre qui fait partie des h\u00f4pitaux de premi\u00e8re ligne dans la lutte contre le Covid-19. Quant \u00e0 moi, j\u2019habite un immeuble qui se situe \u00e0 la limite, \u00e0 la fronti\u00e8re entre Le Kremlin Bic\u00eatre et Villejuif comme le montre les cartes ci-dessous<\/p>\n\n\n\n<figure class=\"wp-block-image size-large\"><img loading=\"lazy\" decoding=\"async\" width=\"796\" height=\"287\" src=\"http:\/\/psig.huma-num.fr\/cartes-sensibles\/wp-content\/uploads\/2020\/04\/parcelleCadastral2.jpg\" alt=\"\" class=\"wp-image-384\" srcset=\"http:\/\/psig.huma-num.fr\/cartes-sensibles\/wp-content\/uploads\/2020\/04\/parcelleCadastral2.jpg 796w, http:\/\/psig.huma-num.fr\/cartes-sensibles\/wp-content\/uploads\/2020\/04\/parcelleCadastral2-300x108.jpg 300w, http:\/\/psig.huma-num.fr\/cartes-sensibles\/wp-content\/uploads\/2020\/04\/parcelleCadastral2-768x277.jpg 768w\" sizes=\"auto, (max-width: 796px) 100vw, 796px\" \/><\/figure>\n\n\n\n<div class=\"wp-block-group\"><div class=\"wp-block-group__inner-container is-layout-flow wp-block-group-is-layout-flow\">\n<p>1-Lieu de vie<\/p>\n\n\n\n<p>Lieu de vie interne : mon appartement<\/p>\n\n\n\n<p>Lieu de vie externe : mon balcon<\/p>\n<\/div><\/div>\n\n\n\n<p>Faisant partie des personnes \u00e0 risque, je ne suis pas sortie de chez moi depuis le 17 mars 2020.<\/p>\n\n\n\n<p>2- Perception visuelle au sein du paysage urbain&nbsp;: \u00e9volution de la v\u00e9g\u00e9tation per\u00e7ue du 4<sup>\u00e8me<\/sup>\u00e9tage<\/p>\n\n\n\n<p> Depuis le d\u00e9but du confinement, \u00e9tant au 4<sup>\u00e8me<\/sup> \u00e9tage et ayant une vue d\u00e9gag\u00e9e \u00e0 partir de mon balcon, j\u2019ai pu voir \u00e9voluer d\u2019une part la v\u00e9g\u00e9tation&nbsp; dans les jardins alentours qui se trouvent sur le territoire de la commune de Villejuif d\u2019autre part les fleurs ayant pouss\u00e9 dans mes jardini\u00e8res pr\u00e9sentes sur mon balcon&nbsp;:<\/p>\n\n\n\n<p>-Au d\u00e9but du mois d\u2019Avril, les arbres \u00e9taient en fleurs, dix-sept jours plus tard, ils ont leurs feuilles vertes.<\/p>\n\n\n\n<figure class=\"wp-block-image size-large\"><img loading=\"lazy\" decoding=\"async\" width=\"792\" height=\"263\" src=\"http:\/\/psig.huma-num.fr\/cartes-sensibles\/wp-content\/uploads\/2020\/04\/paysage.jpg\" alt=\"\" class=\"wp-image-379\" srcset=\"http:\/\/psig.huma-num.fr\/cartes-sensibles\/wp-content\/uploads\/2020\/04\/paysage.jpg 792w, http:\/\/psig.huma-num.fr\/cartes-sensibles\/wp-content\/uploads\/2020\/04\/paysage-300x100.jpg 300w, http:\/\/psig.huma-num.fr\/cartes-sensibles\/wp-content\/uploads\/2020\/04\/paysage-768x255.jpg 768w\" sizes=\"auto, (max-width: 792px) 100vw, 792px\" \/><\/figure>\n\n\n\n<p>Evolutions de fleurs sur mon balcon,&nbsp; balcon me servant de point d\u2019observation et de d\u00e9lassement<\/p>\n\n\n\n<figure class=\"wp-block-image size-large\"><img loading=\"lazy\" decoding=\"async\" width=\"796\" height=\"137\" src=\"http:\/\/psig.huma-num.fr\/cartes-sensibles\/wp-content\/uploads\/2020\/04\/Fleurs.jpg\" alt=\"\" class=\"wp-image-377\" srcset=\"http:\/\/psig.huma-num.fr\/cartes-sensibles\/wp-content\/uploads\/2020\/04\/Fleurs.jpg 796w, http:\/\/psig.huma-num.fr\/cartes-sensibles\/wp-content\/uploads\/2020\/04\/Fleurs-300x52.jpg 300w, http:\/\/psig.huma-num.fr\/cartes-sensibles\/wp-content\/uploads\/2020\/04\/Fleurs-768x132.jpg 768w\" sizes=\"auto, (max-width: 796px) 100vw, 796px\" \/><\/figure>\n\n\n\n<p>&#8211; Nettoyage de printemps dans les jardins alentours situ\u00e9s sur le territoire de la commune de VIllejuif<\/p>\n\n\n\n<figure class=\"wp-block-image size-large\"><img loading=\"lazy\" decoding=\"async\" width=\"260\" height=\"155\" src=\"http:\/\/psig.huma-num.fr\/cartes-sensibles\/wp-content\/uploads\/2020\/04\/feux.jpg\" alt=\"\" class=\"wp-image-376\" \/><\/figure>\n\n\n\n<p>3-Perceptions sonores au sein du paysage urbain<\/p>\n\n\n\n<p>Depuis le d\u00e9but du confinement, les chantiers de constructions \u00e9tant \u00e0 l\u2019arr\u00eat et les voitures ne circulant pas, le calme s\u2019est install\u00e9 au sein du paysage urbain.<\/p>\n\n\n\n<figure class=\"wp-block-image size-large\"><img loading=\"lazy\" decoding=\"async\" width=\"748\" height=\"244\" src=\"http:\/\/psig.huma-num.fr\/cartes-sensibles\/wp-content\/uploads\/2020\/04\/chantier.jpg\" alt=\"\" class=\"wp-image-374\" srcset=\"http:\/\/psig.huma-num.fr\/cartes-sensibles\/wp-content\/uploads\/2020\/04\/chantier.jpg 748w, http:\/\/psig.huma-num.fr\/cartes-sensibles\/wp-content\/uploads\/2020\/04\/chantier-300x98.jpg 300w\" sizes=\"auto, (max-width: 748px) 100vw, 748px\" \/><\/figure>\n\n\n\n<p>Le matin, les oiseaux chantent puis trois fois par semaine (lundi, mercredi, vendredi) les \u00e9boueurs passent pour ramasser les ordures m\u00e9nag\u00e8res et les&nbsp; papiers ainsi que les verres une fois par semaine (vendredi). L\u2019apr\u00e8s-midi, le calme revient puis de 20h \u00e0 20h02, retentissent les &nbsp;applaudissements des r\u00e9sidents pour remercier les soignants<\/p>\n\n\n\n<figure class=\"wp-block-image size-large\"><img loading=\"lazy\" decoding=\"async\" width=\"756\" height=\"173\" src=\"http:\/\/psig.huma-num.fr\/cartes-sensibles\/wp-content\/uploads\/2020\/04\/tableau.jpg\" alt=\"\" class=\"wp-image-380\" srcset=\"http:\/\/psig.huma-num.fr\/cartes-sensibles\/wp-content\/uploads\/2020\/04\/tableau.jpg 756w, http:\/\/psig.huma-num.fr\/cartes-sensibles\/wp-content\/uploads\/2020\/04\/tableau-300x69.jpg 300w\" sizes=\"auto, (max-width: 756px) 100vw, 756px\" \/><\/figure>\n\n\n\n<figure class=\"wp-block-image size-large\"><img loading=\"lazy\" decoding=\"async\" width=\"740\" height=\"253\" src=\"http:\/\/psig.huma-num.fr\/cartes-sensibles\/wp-content\/uploads\/2020\/04\/eboueur.jpg\" alt=\"\" class=\"wp-image-375\" srcset=\"http:\/\/psig.huma-num.fr\/cartes-sensibles\/wp-content\/uploads\/2020\/04\/eboueur.jpg 740w, http:\/\/psig.huma-num.fr\/cartes-sensibles\/wp-content\/uploads\/2020\/04\/eboueur-300x103.jpg 300w\" sizes=\"auto, (max-width: 740px) 100vw, 740px\" \/><\/figure>\n\n\n\n<p>De fa\u00e7on ponctuelle, la police municipale du Kremlin Bic\u00eatre circule en voiture dans les rue de la commune en diffusant un message pour inviter la population \u00e0 rester chez elle et un num\u00e9ro de t\u00e9l\u00e9phone pour contacter la mairie en cas d\u2019urgence<\/p>\n","protected":false},"excerpt":{"rendered":"<p>Confinement au Kremlin Bic\u00eatre&nbsp;: P\u00e9riode du 17 mars 2020 au 19 Avril 2020 Le Kremlin Bic\u00eatre est une commune du Val de Marne cr\u00e9\u00e9e en 1896 et situ\u00e9e \u00e0 proximit\u00e9 de la Porte d\u2019Italie. Sur le territoire de la commune, se trouve l\u2019h\u00f4pital-CHU de Bic\u00eatre qui fait partie des h\u00f4pitaux de premi\u00e8re ligne dans la &hellip; <a href=\"http:\/\/psig.huma-num.fr\/cartes-sensibles\/pirot-francoise-2\/\" class=\"more-link\">Continuer la lecture de <span class=\"screen-reader-text\">Confinement &#8211; PIROT  Fran\u00e7oise<\/span>  <span class=\"meta-nav\">&rarr;<\/span><\/a><\/p>\n","protected":false},"author":2,"featured_media":0,"comment_status":"open","ping_status":"open","sticky":false,"template":"","format":"standard","meta":{"footnotes":""},"categories":[4],"tags":[17,16,18],"class_list":["post-371","post","type-post","status-publish","format-standard","hentry","category-confinement","tag-cartes-sensibles","tag-confinement","tag-covid-19"],"_links":{"self":[{"href":"http:\/\/psig.huma-num.fr\/cartes-sensibles\/wp-json\/wp\/v2\/posts\/371","targetHints":{"allow":["GET"]}}],"collection":[{"href":"http:\/\/psig.huma-num.fr\/cartes-sensibles\/wp-json\/wp\/v2\/posts"}],"about":[{"href":"http:\/\/psig.huma-num.fr\/cartes-sensibles\/wp-json\/wp\/v2\/types\/post"}],"author":[{"embeddable":true,"href":"http:\/\/psig.huma-num.fr\/cartes-sensibles\/wp-json\/wp\/v2\/users\/2"}],"replies":[{"embeddable":true,"href":"http:\/\/psig.huma-num.fr\/cartes-sensibles\/wp-json\/wp\/v2\/comments?post=371"}],"version-history":[{"count":10,"href":"http:\/\/psig.huma-num.fr\/cartes-sensibles\/wp-json\/wp\/v2\/posts\/371\/revisions"}],"predecessor-version":[{"id":397,"href":"http:\/\/psig.huma-num.fr\/cartes-sensibles\/wp-json\/wp\/v2\/posts\/371\/revisions\/397"}],"wp:attachment":[{"href":"http:\/\/psig.huma-num.fr\/cartes-sensibles\/wp-json\/wp\/v2\/media?parent=371"}],"wp:term":[{"taxonomy":"category","embeddable":true,"href":"http:\/\/psig.huma-num.fr\/cartes-sensibles\/wp-json\/wp\/v2\/categories?post=371"},{"taxonomy":"post_tag","embeddable":true,"href":"http:\/\/psig.huma-num.fr\/cartes-sensibles\/wp-json\/wp\/v2\/tags?post=371"}],"curies":[{"name":"wp","href":"https:\/\/api.w.org\/{rel}","templated":true}]}}