{"id":423,"date":"2020-05-04T10:18:56","date_gmt":"2020-05-04T08:18:56","guid":{"rendered":"http:\/\/psig.huma-num.fr\/cartes-sensibles\/?p=423"},"modified":"2020-05-18T11:12:00","modified_gmt":"2020-05-18T09:12:00","slug":"synthese_-la-ville-cote-femme_celia-lebardey-jeanne-leman","status":"publish","type":"post","link":"http:\/\/psig.huma-num.fr\/cartes-sensibles\/synthese_-la-ville-cote-femme_celia-lebardey-jeanne-leman\/","title":{"rendered":"Synth\u00e8se_ &#8220;La ville C\u00f4t\u00e9 Femme&#8221;_C\u00e9lia Lebarbey &amp; Jeanne Leman"},"content":{"rendered":"\n<p><strong>Corinne Luxembourg et Dalila Massaoudi<br>\u00ab Projet de recherche-action \u00e0 Gennevilliers : \u201cLa ville c\u00f4t\u00e9 femmes\u201d \u00bb,<br><em>Recherches f\u00e9ministes , 29 (1), 129-146.<\/em><\/strong><\/p>\n\n\n\n<p>Cet article est \u00e9crit par deux g\u00e9ographes en 2016 et publi\u00e9 dans un num\u00e9ro de la revue <em>Recherches f\u00e9ministes<\/em>, intitul\u00e9 \u00ab d\u00e9marches m\u00e9thodologiques et perspectives f\u00e9ministes \u00bb. Il rend compte de l\u2019exp\u00e9rience d\u2019une recherche-action men\u00e9e \u00e0 Gennevilliers pendant 6 ans, visant \u00e0 \u00ab interroger la place des femmes dans l\u2019espace public \u00bb. Titr\u00e9e \u00ab La ville c\u00f4t\u00e9 femmes&nbsp;\u00bb, celle-ci est une r\u00e9ponse \u00e0 une commande de la ville, associant un volet de diagnostic \u00e0 un volet de pr\u00e9conisations. Les auteures d\u00e9crivent ici leur d\u00e9marche m\u00e9thodologique mise en place sur le terrain gr\u00e2ce \u00e0 des cartes mentales associ\u00e9es \u00e0 des entretiens. Dans un premier temps, elles dressent le contexte de cette recherche-action, choix m\u00e9thodologique particulier pour une situation sp\u00e9cifique. Elles pr\u00e9sentent ensuite les r\u00e9sultats obtenus, pour enfin souligner les difficult\u00e9s de mises en \u0153uvre.<\/p>\n\n\n\n<p><strong>Contexte d\u2019une m\u00e9thodologie de recherche-action<\/strong><\/p>\n\n\n\n<p>Les chercheuses mobilisent un cadre interdisciplinaire qui emprunte \u00e0 la g\u00e9ographie, \u00e0 l\u2019am\u00e9nagement et \u00e0 l\u2019urbanisme. Leur \u00ab diagnostic des pratiques urbaines \u00bb repose ici sur une conception de l\u2019habiter comme relation dynamique entre l\u2019individu et la ville. Il s\u2019int\u00e9resse aux rapports \u00e0 la ville au travers des repr\u00e9sentations, perceptions et exp\u00e9riences des espaces publics, sp\u00e9cifiquement via des \u00ab indicateurs de citadinit\u00e9 \u00bb (comme le voisinage ou la mobilit\u00e9).<\/p>\n\n\n\n<p>Elles parlent d\u2019une \u00ab recherche-action int\u00e9grale \u00bb, men\u00e9e <em>avec<\/em> les acteurs et actrices du territoire, qu\u2019il s\u2019agit d\u2019impliquer dans le dispositif afin d\u2019\u00eatre force de propositions. <\/p>\n\n\n\n<p>Leur travail s\u2019est d\u00e9clin\u00e9 en plusieurs temps, dont un premier d\u2019observations et de communication par voie de presse et d\u2019affichage. En s\u2019appuyant sur des rendez-vous cl\u00e9s pour les luttes f\u00e9ministes, cela a permis de faire conna\u00eetre et mettre en discussion le projet, tout au long de son d\u00e9roulement. Des journ\u00e9es d\u2019\u00e9tude ont eu pour but d\u2019\u00e9changer sur \u00ab le processus m\u00eame de la recherche en train de se faire \u00bb, pouvant ainsi la faire \u00e9voluer, mais aussi en faire valider les r\u00e9sultats, afin d\u2019aller vers des transformations.<\/p>\n\n\n\n<p>Le second dispositif m\u00e9thodologique a constitu\u00e9 \u00ab un corpus de cartes mentales dessin\u00e9es par les femmes et les hommes \u00bb, au cours de rencontres dans des cadres associatifs ou \u00e0 domicile. Ces \u00ab cartographies d\u2019itin\u00e9raires \u00bb (selon de Certeau et Lynch) rendent compte d\u2019une s\u00e9rie de connexions, qualifi\u00e9es par un code de couleur et de trac\u00e9, entre des lieux. Le dessin est fait de m\u00e9moire, sollicitant la perception que se font les habitant.e.s de leur environnement urbain, les d\u00e9formations \u00e9tant alors r\u00e9v\u00e9latrices de l\u2019image mentale qu\u2019ils et elles s\u2019en font.<\/p>\n\n\n\n<p>L\u2019objectif <em>in fine<\/em> est de constituer une cartographie dite sensible (d\u2019apr\u00e8s de Biase), aux indicateurs qualitatifs constitu\u00e9s gr\u00e2ce aux observations et aux repr\u00e9sentations des habitant.e.s, qu\u2019elles soient graphiques (cartes mentales) ou discursives. Celles-ci ont \u00e9t\u00e9 recueillies lors d\u2019entretiens dans l\u2019espace public et lors d\u2019ateliers d\u2019\u00e9criture en non-mixit\u00e9.<\/p>\n\n\n\n<p>Gennevilliers est une ville moyenne de banlieue parisienne, dont l\u2019emploi est encore assez industriel et le logement pour partie constitu\u00e9 de grands ensembles, soumis \u00e0 diverses politiques de la Ville. Les premi\u00e8res interventions de l\u2019ANRU (Agence Nationale de R\u00e9novation Urbaine) ont produit des s\u00e9parations genr\u00e9es des activit\u00e9s, conduisant \u00e0 l\u2019attention marqu\u00e9e de l\u2019ANRU 2 pour des diagnostics genr\u00e9s des espaces publics. Le contexte sp\u00e9cifique de cette ville s\u2019est constitu\u00e9 apr\u00e8s guerre sur une distinction travail-logement, tenant la majorit\u00e9 des femmes loin de l\u2019espace public. Il faut attendre les ann\u00e9es 80 pour que se d\u00e9veloppent des politiques pr\u00e9ventives qui cherchent \u00e0 s\u2019appuyer sur celles-ci, mais les luttes d\u00e9fendant la place aux femmes dans l\u2019espace public ne sont encore pas une \u00e9vidence.<\/p>\n\n\n\n<p>L\u2019orientation politique de la ville et sa \u00ab longue histoire de militantisme pour les droits des femmes \u00bb ont permis le d\u00e9veloppement d\u2019actions en faveur de leur appropriation de l\u2019espace et du d\u00e9bat public.<\/p>\n\n\n\n<p>Cette recherche-action se positionne dans ce contexte comme un \u00ab outil de citoyennet\u00e9 \u00bb, dans le sens de l\u2019\u00e9largissement du rapport politique des femmes \u00e0 l\u2019espace, passant aussi par le r\u00e9am\u00e9nagement de certaines configurations spatiales. Mais encore de \u00ab l\u2019invention de nouveaux droits \u00bb par la pratique de la recherche \u2014 par les femmes habitantes elles-m\u00eames, tout comme l\u2019int\u00e9ressement de toute la population \u00e0 ces questions, mettant ainsi l\u2019accent sur l\u2019importance du \u00ab processus de mise en \u0153uvre \u00bb de la recherche aux c\u00f4t\u00e9s de ses r\u00e9sultats.<\/p>\n\n\n\n<p><strong>Usage de la cartographie dans l\u2019enqu\u00eate, r\u00e9sultats :<\/strong><\/p>\n\n\n\n<p>La r\u00e9colte de mat\u00e9riaux de terrain s\u2019est donc effectu\u00e9e par la r\u00e9alisation de cartes mentales par les enqu\u00eat\u00e9.e.s (femmes et hommes de Gennevilliers), compl\u00e9t\u00e9es par la suite par des observations de terrains et des entretiens. Nous allons synth\u00e9tiser ici les diff\u00e9rents r\u00e9sultats obtenus par cette enqu\u00eate, mais \u00e9galement la m\u00e9thode cartographique utilis\u00e9e dans ce travail.<\/p>\n\n\n\n<p>En effet, le processus de r\u00e9alisation et d\u2019analyse des cartes mentales est tr\u00e8s probant, permettant d\u2019obtenir des r\u00e9sultats chiffr\u00e9s et clairs.<\/p>\n\n\n\n<p>Les chercheuses ont ainsi demand\u00e9 \u00e0 102 personnes (femmes et hommes) de dessiner leurs \u00ab&nbsp;d\u00e9placements dans la commune \u00bb. Ces cartes mentales permettent \u00e0 ces habitant.e.s de repr\u00e9senter leurs perceptions de l\u2019espace sans les contraintes de la cartographie classique. Ce sont d\u2019ailleurs les distorsions, variations d\u2019\u00e9chelles et repr\u00e9sentations s\u00e9lectives de l\u2019espace, qui apporte des informations aux chercheuses sur la perception de la ville par les habitant.e.s. Une l\u00e9gende a cependant \u00e9t\u00e9 fix\u00e9e d\u00e8s le d\u00e9part aupr\u00e8s des enqu\u00eat\u00e9.e.s, surement pour faciliter l\u2019analyse. Un code couleur est choisi pour l\u2019appr\u00e9ciation des trajets : ceux vus n\u00e9gativement se dessinent en rouge, ceux vus de mani\u00e8re neutre en noir et ceux positivement en vert. Est \u00e9galement demand\u00e9 d\u2019int\u00e9grer la temporalit\u00e9 dans les cartes : les parcours nocturnes se font en pointill\u00e9s et ceux diurnes en trait plein.<\/p>\n\n\n\n<p>Une analyse syst\u00e9matique a ensuite \u00e9t\u00e9 r\u00e9alis\u00e9e \u00e0 partir des cartes selon diff\u00e9rents crit\u00e8res. Un des premiers crit\u00e8res concerne la quantit\u00e9 d\u2019information repr\u00e9sent\u00e9e par les cartes mentales. Les auteures font l\u2019hypoth\u00e8se pr\u00e9alable que \u00ab plus les cartes fournissent de rep\u00e8res spatiaux, plus leur auteur ou auteure conna\u00eet le territoire communal et le pratique \u00bb. On peut ainsi classer les cartes r\u00e9alis\u00e9es par le nombre de quartiers cit\u00e9s, ce qui nous renseigne sur les p\u00e9rim\u00e8tres quotidiens des habitant.e.s. De mani\u00e8re g\u00e9n\u00e9rale \u00ab les femmes s\u2019approprieraient plus largement le territoire que les hommes \u00bb. Cependant, \u00e0 y regarder de plus pr\u00e8s il s\u2019av\u00e8re que deux tiers des hommes ne s\u2019approprient que deux ou trois quartiers quand les femmes se divisent en trois \u201ccat\u00e9gories\u201d : un premier tiers ne d\u00e9passerait pas vraiment le p\u00e9rim\u00e8tre du quartier de r\u00e9sidence alors qu\u2019un autre tiers s\u2019approprierait largement plus la ville que les hommes.<\/p>\n\n\n\n<p>Les chercheuses exposent ensuite une analyse \u00e0 travers les types de lieux cit\u00e9s dans les cartes mentales. Cette \u00ab typologie des lieux repr\u00e9sent\u00e9s \u00bb nous apprend beaucoup sur des usages diff\u00e9renci\u00e9s et genr\u00e9s de la ville. En effet, les femmes repr\u00e9sentent pr\u00e9cis\u00e9ment plus de lieux que les hommes, et ces lieux sont en grande partie li\u00e9s aux t\u00e2ches domestiques : garde des enfants dans les parcs, ou \u00e9quipements sportifs, centres commerciaux pour les courses familiales. Les transports publics sont \u00e9galement plus emprunt\u00e9s par les femmes que les hommes.<\/p>\n\n\n\n<p>Enfin, l\u2019analyse des cartes mentales a \u00e9galement permis une spatialisation des perceptions de l\u2019espace au travers d\u2019une carte ici plus classique. Sont ainsi repr\u00e9sent\u00e9s les espaces de la commune per\u00e7us n\u00e9gativement ou positivement par les femmes puis les hommes. Cette perception ne rel\u00e8ve pas simplement du sentiment de s\u00e9curit\u00e9 ou d\u2019ins\u00e9curit\u00e9. Les diff\u00e9rentes annotations dans les cartes mentales permettent de constater une multitude de sensations li\u00e9es \u00e0 l\u2019espace : l\u2019aspect esth\u00e9tique, le climat, les d\u00e9tournements d\u2019usages et enfin le sentiment de s\u00e9curit\u00e9 ou non.<\/p>\n\n\n\n<p>L\u2019enqu\u00eate, qui rassemble \u00e0 la fois l\u2019analyse des cartes mentales, mais \u00e9galement les observations de terrain ainsi que les entretiens r\u00e9alis\u00e9s via le Labo-roulotte, a permis aux deux chercheuses de \u00ab prendre la mesure des usages des espaces publics par les femmes et les hommes \u00bb. En termes de mobilit\u00e9 (en tant qu\u2019indicateur multiple selon Borja, Courty et Ramadier), ce travail met en \u00e9vidence la double injonction faite aux femmes de Gennevilliers, entre une mobilit\u00e9 domestique \u201cforc\u00e9e\u201d( t\u00e2ches domestiques, garde des enfants, en dehors du foyer) et une \u00ab immobilit\u00e9 contrainte \u00bb au sein du domicile familial. Les auteures d\u00e9finissent \u00e9galement des \u00ab gradients d\u2019appropriation de l\u2019espace \u00bb \u00e0 partir du concept de \u00ab coquille \u00bb (selon Moles et Rohmer) allant du corps de l\u2019individu jusqu\u2019\u00e0 la ville. Crois\u00e9s avec les donn\u00e9es de l\u2019enqu\u00eate, ces gradients permettent de comprendre quel partage de l\u2019espace est fait entre homme et femme, priv\u00e9 et public. Certains lieux apparaissent alors comme des \u00ab\u2008excroissances du domaine priv\u00e9 \u00bb, des \u00ab&nbsp;entre-soi \u00bb ou des lieux \u00ab d\u2019attitudes exclusives \u00bb et \u00ab excluantes \u00bb.<\/p>\n\n\n\n<p><strong>En guise de conclusion<\/strong><\/p>\n\n\n\n<p>Ce qu\u2019il nous semble int\u00e9ressant de retenir de cet article et de la d\u00e9marche de recherche pr\u00e9sent\u00e9e par les chercheuses est notamment l\u2019inscription de la m\u00e9thodologie cartographique dans une recherche-action qui mobilise de fa\u00e7on plus large des outils scientifiques comme des pratiques artistiques, mettant en avant l\u2019importance du processus de recherche et des enjeux de son partage avec les populations concern\u00e9es. Dans ce sens, on peut souligner l\u2019apport du processus cartographique \u00e0 l\u2019enqu\u00eate, outil qui permet de r\u00e9colter et de produire des donn\u00e9es quantitatives et qualitatives, mais \u00e9galement sur le terrain de faciliter un travail AVEC les habitant.e.s, l\u2019enqu\u00eate cartographique favorisant largement l\u2019aspect participatif de la recherche. Plus sp\u00e9cifiquement, elles d\u00e9montrent l\u2019efficacit\u00e9 \u00e0 fixer d\u2019embl\u00e9e un nombre de variables graphiques restreintes pour qualifier les itin\u00e9raires afin de permettre la comparaison et l\u2019\u00e9tablissement de statistiques \u00e0 partir des cartes mentales, dont la synth\u00e8se produit des cartes beaucoup plus \u201cclassiques\u201d dans leur repr\u00e9sentation, bien qu\u2019elles soient dites \u201csensibles\u201d.<\/p>\n\n\n\n<p><\/p>\n\n\n\n<p><\/p>\n\n\n\n<p>Discussions et questions avec <strong>Lisette Rosales et Mahdokht Karampour<\/strong><\/p>\n\n\n\n<figure class=\"wp-block-embed-wordpress wp-block-embed is-type-wp-embed is-provider-atelier-de-cartographie-sensible-representer-la-perception-de-l-039-espace\"><div class=\"wp-block-embed__wrapper\">\nhttp:\/\/psig.huma-num.fr\/cartes-sensibles\/index.php\/2020\/05\/02\/questions-projet-de-recherche-action-a-gennevilliers-la-ville-cote-femmes\/\n<\/div><\/figure>\n","protected":false},"excerpt":{"rendered":"<p>Corinne Luxembourg et Dalila Massaoudi\u00ab Projet de recherche-action \u00e0 Gennevilliers : \u201cLa ville c\u00f4t\u00e9 femmes\u201d \u00bb,Recherches f\u00e9ministes , 29 (1), 129-146. Cet article est \u00e9crit par deux g\u00e9ographes en 2016 et publi\u00e9 dans un num\u00e9ro de la revue Recherches f\u00e9ministes, intitul\u00e9 \u00ab d\u00e9marches m\u00e9thodologiques et perspectives f\u00e9ministes \u00bb. Il rend compte de l\u2019exp\u00e9rience d\u2019une recherche-action &hellip; <a href=\"http:\/\/psig.huma-num.fr\/cartes-sensibles\/synthese_-la-ville-cote-femme_celia-lebardey-jeanne-leman\/\" class=\"more-link\">Continuer la lecture de <span class=\"screen-reader-text\">Synth\u00e8se_ &#8220;La ville C\u00f4t\u00e9 Femme&#8221;_C\u00e9lia Lebarbey &amp; Jeanne Leman<\/span>  <span class=\"meta-nav\">&rarr;<\/span><\/a><\/p>\n","protected":false},"author":2,"featured_media":0,"comment_status":"open","ping_status":"open","sticky":false,"template":"","format":"standard","meta":{"footnotes":""},"categories":[19],"tags":[],"class_list":["post-423","post","type-post","status-publish","format-standard","hentry","category-synthese"],"_links":{"self":[{"href":"http:\/\/psig.huma-num.fr\/cartes-sensibles\/wp-json\/wp\/v2\/posts\/423","targetHints":{"allow":["GET"]}}],"collection":[{"href":"http:\/\/psig.huma-num.fr\/cartes-sensibles\/wp-json\/wp\/v2\/posts"}],"about":[{"href":"http:\/\/psig.huma-num.fr\/cartes-sensibles\/wp-json\/wp\/v2\/types\/post"}],"author":[{"embeddable":true,"href":"http:\/\/psig.huma-num.fr\/cartes-sensibles\/wp-json\/wp\/v2\/users\/2"}],"replies":[{"embeddable":true,"href":"http:\/\/psig.huma-num.fr\/cartes-sensibles\/wp-json\/wp\/v2\/comments?post=423"}],"version-history":[{"count":5,"href":"http:\/\/psig.huma-num.fr\/cartes-sensibles\/wp-json\/wp\/v2\/posts\/423\/revisions"}],"predecessor-version":[{"id":509,"href":"http:\/\/psig.huma-num.fr\/cartes-sensibles\/wp-json\/wp\/v2\/posts\/423\/revisions\/509"}],"wp:attachment":[{"href":"http:\/\/psig.huma-num.fr\/cartes-sensibles\/wp-json\/wp\/v2\/media?parent=423"}],"wp:term":[{"taxonomy":"category","embeddable":true,"href":"http:\/\/psig.huma-num.fr\/cartes-sensibles\/wp-json\/wp\/v2\/categories?post=423"},{"taxonomy":"post_tag","embeddable":true,"href":"http:\/\/psig.huma-num.fr\/cartes-sensibles\/wp-json\/wp\/v2\/tags?post=423"}],"curies":[{"name":"wp","href":"https:\/\/api.w.org\/{rel}","templated":true}]}}