{"id":534,"date":"2020-06-21T11:38:52","date_gmt":"2020-06-21T09:38:52","guid":{"rendered":"http:\/\/psig.huma-num.fr\/cartes-sensibles\/?p=534"},"modified":"2020-06-29T11:13:35","modified_gmt":"2020-06-29T09:13:35","slug":"confinement-manon-prudhomme-2","status":"publish","type":"post","link":"http:\/\/psig.huma-num.fr\/cartes-sensibles\/confinement-manon-prudhomme-2\/","title":{"rendered":"Confinement &#8211; Manon prud&#8217;homme (2)"},"content":{"rendered":"\n<h2 class=\"wp-block-heading\">Cl\u00e9mence de mars<\/h2>\n\n\n\n<figure class=\"wp-block-image size-large\"><img loading=\"lazy\" decoding=\"async\" width=\"762\" height=\"1024\" src=\"http:\/\/psig.huma-num.fr\/cartes-sensibles\/wp-content\/uploads\/2020\/06\/104666228_193418448677070_6413436811772421125_n-762x1024.jpg\" alt=\"\" class=\"wp-image-535\" srcset=\"http:\/\/psig.huma-num.fr\/cartes-sensibles\/wp-content\/uploads\/2020\/06\/104666228_193418448677070_6413436811772421125_n-762x1024.jpg 762w, http:\/\/psig.huma-num.fr\/cartes-sensibles\/wp-content\/uploads\/2020\/06\/104666228_193418448677070_6413436811772421125_n-223x300.jpg 223w, http:\/\/psig.huma-num.fr\/cartes-sensibles\/wp-content\/uploads\/2020\/06\/104666228_193418448677070_6413436811772421125_n-768x1032.jpg 768w, http:\/\/psig.huma-num.fr\/cartes-sensibles\/wp-content\/uploads\/2020\/06\/104666228_193418448677070_6413436811772421125_n-1143x1536.jpg 1143w, http:\/\/psig.huma-num.fr\/cartes-sensibles\/wp-content\/uploads\/2020\/06\/104666228_193418448677070_6413436811772421125_n.jpg 1488w\" sizes=\"auto, (max-width: 762px) 100vw, 762px\" \/><\/figure>\n\n\n\n<p>La fin du mois de mars est incarn\u00e9e par une douceur incroyable. Ici, la m\u00e9t\u00e9o a rendu ce confinement plus doux. Partout, le temps semblait s\u2019\u00eatre arr\u00eat\u00e9. Ici, jour apr\u00e8s jour, on remarquait notre paysage se transformer. Le vaste jardin de mon enfance commen\u00e7ait \u00e0 s\u2019\u00e9paissir&nbsp;: le saule pleureur que ma m\u00e8re affectionne particuli\u00e8rement reprenait vie, les arbres fruitiers de mon p\u00e8re fleurissaient, le ch\u00eane centenaire du fond du jardin et dans lequel j\u2019avais r\u00eav\u00e9 de construire une cabane \u00e9tant petite allait conna\u00eetre un \u00e9ni\u00e8me printemps. La douceur environnante permettait de cr\u00e9er une sorte de bulle ext\u00e9rieure, \u00e0 l\u2019heure o\u00f9 beaucoup de gens ne pouvaient pas profiter d\u2019un jardin. Fin mars, l\u2019int\u00e9rieur, la maison \u00e9tait synonyme d\u2019angoisse et de stress. Ma propre maison \u00e9tait associ\u00e9e au travail, aux rendus, au m\u00e9moire, au projet de th\u00e8se, aux demandes de bourses de doctorat. Et c\u2019est ce \u00e0 quoi s\u2019est r\u00e9sum\u00e9 mon confinement.<\/p>\n\n\n\n<h2 class=\"wp-block-heading\"><strong>En avril, on perd le fil<\/strong><\/h2>\n\n\n\n<figure class=\"wp-block-image size-large\"><img loading=\"lazy\" decoding=\"async\" width=\"762\" height=\"1024\" src=\"http:\/\/psig.huma-num.fr\/cartes-sensibles\/wp-content\/uploads\/2020\/06\/104623281_284430125941971_3931108223607997081_n-762x1024.jpg\" alt=\"\" class=\"wp-image-536\" srcset=\"http:\/\/psig.huma-num.fr\/cartes-sensibles\/wp-content\/uploads\/2020\/06\/104623281_284430125941971_3931108223607997081_n-762x1024.jpg 762w, http:\/\/psig.huma-num.fr\/cartes-sensibles\/wp-content\/uploads\/2020\/06\/104623281_284430125941971_3931108223607997081_n-223x300.jpg 223w, http:\/\/psig.huma-num.fr\/cartes-sensibles\/wp-content\/uploads\/2020\/06\/104623281_284430125941971_3931108223607997081_n-768x1032.jpg 768w, http:\/\/psig.huma-num.fr\/cartes-sensibles\/wp-content\/uploads\/2020\/06\/104623281_284430125941971_3931108223607997081_n-1143x1536.jpg 1143w, http:\/\/psig.huma-num.fr\/cartes-sensibles\/wp-content\/uploads\/2020\/06\/104623281_284430125941971_3931108223607997081_n.jpg 1488w\" sizes=\"auto, (max-width: 762px) 100vw, 762px\" \/><\/figure>\n\n\n\n<p>Malgr\u00e9 la douceur printani\u00e8re de l\u2019ext\u00e9rieur, j\u2019\u00e9tais cantonn\u00e9e chaque jour \u00e0 un sch\u00e9ma rythm\u00e9 et r\u00e9p\u00e9titif. Le mois d\u2019avril a \u00e9t\u00e9 \u00e9prouvant, en particulier \u00e0 partir de la mi-avril. D\u2019abord il y a eu l\u2019\u00e9laboration d\u2019un sujet de th\u00e8se auquel j\u2019avais jusqu\u2019ici assez peu r\u00e9fl\u00e9chi. Il n\u2019avait pas non plus \u00e9t\u00e9 beaucoup \u00e9voqu\u00e9 avec ma directrice alors il a fallu que l\u2019on en discute, longuement et qu\u2019on \u00e9labore ensemble un plan pour les trois ann\u00e9es \u00e0 venir. Parall\u00e8lement, j\u2019avais commenc\u00e9 la r\u00e9daction de mon m\u00e9moire. Le 19 avril, j\u2019avais bien avanc\u00e9, mon premier chapitre \u00e9tait presque pr\u00eat et j\u2019avais pu envoyer une premi\u00e8re version de 36 pages de ce chapitre. \u00c0 cela s\u2019est ajout\u00e9 les rendus des diff\u00e9rents s\u00e9minaires, des \u00e9crits, des oraux que j\u2019ai eu du mal \u00e0 pr\u00e9parer parce que je voulais et j\u2019avais besoin de me focaliser sur mon m\u00e9moire et sa r\u00e9daction. J\u2019avais la sensation de perdre le fil et de ne plus savoir o\u00f9 je devais regarder. J\u2019ai eu du mal \u00e0 me consacrer \u00e0 quatre ou cinq t\u00e2ches \u00e0 la fois. Mais fin avril, le projet de th\u00e8se avait \u00e9t\u00e9 envoy\u00e9 \u00e0 l\u2019organisme qui pourrait la financer, les rendus \u00e9taient faits et envoy\u00e9s et je pouvais enfin me consacrer enti\u00e8rement \u00e0 l\u2019\u00e9criture. Lorsque je suis sortie pour souffler cinq minutes, le jardin s\u2019\u00e9tait enti\u00e8rement par\u00e9 de ses feuilles et les fleurs des arbres avaient fan\u00e9es. Le printemps \u00e9tait arriv\u00e9 et il \u00e9tait d\u00e9finitivement l\u00e0.<\/p>\n\n\n\n<figure class=\"wp-block-image size-large\"><img loading=\"lazy\" decoding=\"async\" width=\"762\" height=\"1024\" src=\"http:\/\/psig.huma-num.fr\/cartes-sensibles\/wp-content\/uploads\/2020\/06\/105031968_3011323132286992_1660697382205155630_n-762x1024.jpg\" alt=\"\" class=\"wp-image-537\" srcset=\"http:\/\/psig.huma-num.fr\/cartes-sensibles\/wp-content\/uploads\/2020\/06\/105031968_3011323132286992_1660697382205155630_n-762x1024.jpg 762w, http:\/\/psig.huma-num.fr\/cartes-sensibles\/wp-content\/uploads\/2020\/06\/105031968_3011323132286992_1660697382205155630_n-223x300.jpg 223w, http:\/\/psig.huma-num.fr\/cartes-sensibles\/wp-content\/uploads\/2020\/06\/105031968_3011323132286992_1660697382205155630_n-768x1032.jpg 768w, http:\/\/psig.huma-num.fr\/cartes-sensibles\/wp-content\/uploads\/2020\/06\/105031968_3011323132286992_1660697382205155630_n-1143x1536.jpg 1143w, http:\/\/psig.huma-num.fr\/cartes-sensibles\/wp-content\/uploads\/2020\/06\/105031968_3011323132286992_1660697382205155630_n.jpg 1488w\" sizes=\"auto, (max-width: 762px) 100vw, 762px\" \/><\/figure>\n\n\n\n<h2 class=\"wp-block-heading\"><strong>En mai, rien ne nous pla\u00eet<\/strong><\/h2>\n\n\n\n<p>D\u00e9but mai, ma r\u00e9daction avait bien avanc\u00e9e. J\u2019\u00e9tais contente, dans les temps et j\u2019abordais cette r\u00e9daction avec une rare s\u00e9r\u00e9nit\u00e9. Mais une douleur particuli\u00e8rement d\u00e9sagr\u00e9able avait fait son apparition depuis un peu plus d\u2019une semaine. Elle ne partait pas, elle ne s\u2019estompait pas et elle \u00e9tait inqui\u00e9tante. Au fur et \u00e0 mesure, la douleur si intense m\u2019a donn\u00e9 de la fi\u00e8vre, des naus\u00e9es et des vertiges. Je n\u2019avais plus d\u2019app\u00e9tit, chaque effort \u00e9tait insupportable et je n\u2019arrivais plus \u00e0 \u00e9crire. Apr\u00e8s des examens \u00e0 l\u2019h\u00f4pital, on m\u2019a donn\u00e9 un traitement, auquel j\u2019ai fait une r\u00e9action allergique, et surtout du repos et une immobilisation totale. Je ne pouvais plus \u00e9crire. J\u2019ai pass\u00e9 plusieurs semaines alit\u00e9e. L\u2019avance que j\u2019avais mi-avril n\u2019\u00e9tait plus. J\u2019\u00e9tais d\u00e9sormais en retard. Alors j\u2019ai d\u00fb \u00e9crire malgr\u00e9 la douleur. J\u2019ai travaill\u00e9 1 jour sur 2, alternant \u00e9criture et repos. Lorsque je pouvais je travaillais deux jours de suite mais \u00e7a restait rare.<\/p>\n\n\n\n<p>Le 11 mai la France se confinait \u00e0 l\u2019exception de quelques r\u00e9gions, mais ici encore, cela ne changeait pas grand-chose. Le centre-ville des villes alentours reprenaient doucement vie mais rien de flagrant. Le lendemain j\u2019\u00e9tais parvenue \u00e0 envoyer le second chapitre de mon m\u00e9moire. J\u2019aurais d\u00fb envoyer une premi\u00e8re version compl\u00e8te \u00e0 cette date. Les dix jours qui ont suivi le d\u00e9confinement ont \u00e9t\u00e9 synonyme du <em>rush <\/em>de mi-avril. Le traitement faisait doucement son effet et j\u2019\u00e9tais en mesure de travailler 2 jours de suite voire 3&nbsp;! Le 25 mai, j\u2019avais r\u00e9ussi \u00e0 faire une premi\u00e8re version compl\u00e8te du m\u00e9moire.<\/p>\n\n\n\n<h2 class=\"wp-block-heading\"><strong>Juin, tout va bien<\/strong><\/h2>\n\n\n\n<figure class=\"wp-block-image size-large\"><img loading=\"lazy\" decoding=\"async\" width=\"762\" height=\"1024\" src=\"http:\/\/psig.huma-num.fr\/cartes-sensibles\/wp-content\/uploads\/2020\/06\/104668589_649851032278083_3122314932480164783_n-762x1024.jpg\" alt=\"\" class=\"wp-image-538\" srcset=\"http:\/\/psig.huma-num.fr\/cartes-sensibles\/wp-content\/uploads\/2020\/06\/104668589_649851032278083_3122314932480164783_n-762x1024.jpg 762w, http:\/\/psig.huma-num.fr\/cartes-sensibles\/wp-content\/uploads\/2020\/06\/104668589_649851032278083_3122314932480164783_n-223x300.jpg 223w, http:\/\/psig.huma-num.fr\/cartes-sensibles\/wp-content\/uploads\/2020\/06\/104668589_649851032278083_3122314932480164783_n-768x1032.jpg 768w, http:\/\/psig.huma-num.fr\/cartes-sensibles\/wp-content\/uploads\/2020\/06\/104668589_649851032278083_3122314932480164783_n-1143x1536.jpg 1143w, http:\/\/psig.huma-num.fr\/cartes-sensibles\/wp-content\/uploads\/2020\/06\/104668589_649851032278083_3122314932480164783_n.jpg 1488w\" sizes=\"auto, (max-width: 762px) 100vw, 762px\" \/><\/figure>\n\n\n\n<p>D\u00e9but juin, le c\u0153ur est presque l\u00e9ger. Je me suis octroy\u00e9e quelques repas de retrouvailles avec mes amis d\u2019enfance et donc quelques heures en dehors de ma maison\/bureau. J\u2019\u00e9tais en attente des premi\u00e8res corrections de ma directrice qui sont arriv\u00e9e le 4 juin. Il y avait un peu de travail de forme et un peu de fond mais dans l\u2019ensemble le travail que j\u2019avais fourni avait \u00e9t\u00e9 r\u00e9compens\u00e9. Je me suis attel\u00e9e aux corrections pendant presque deux semaines jusqu\u2019au d\u00e9p\u00f4t final ce vendredi 19 juin 2020. J\u2019ai retrouv\u00e9 un peu de s\u00e9r\u00e9nit\u00e9. J\u2019ai retrouv\u00e9 des membres de ma famille que je n\u2019avais pas vu durant ce confinement. Je suis retourn\u00e9e sur la terrasse du bar que nous fr\u00e9quentons avec mes amis. J\u2019ai profit\u00e9 de quelques d\u00e9jeuners en ext\u00e9rieur. J\u2019ai repris ma voiture pour me d\u00e9placer. Finalement, ces quelques mois un peu sp\u00e9ciaux l\u2019\u00e9taient \u00e0 plusieurs niveaux. Pour l\u2019ensemble des Fran\u00e7ais ils se sont appel\u00e9s les mois de confinement. De mon c\u00f4t\u00e9, j\u2019avais presque oubli\u00e9 qu\u2019en dehors des murs, une \u00e9pid\u00e9mie faisait rage. La r\u00e9daction du m\u00e9moire, la pr\u00e9paration de la th\u00e8se et les diff\u00e9rents rendus avaient cr\u00e9\u00e9 une sorte de bulle de travail dans laquelle j\u2019\u00e9tais prise sans que je puisse vraiment souffl\u00e9e. Cette bulle n\u2019est plus et \u00e7a signe la fin d\u2019un cycle et le d\u00e9but d\u2019un nouveau \u00e0 l\u2019instar du printemps pour qui, \u00e9pid\u00e9mie ou non, suit son cours.<\/p>\n","protected":false},"excerpt":{"rendered":"<p>Cl\u00e9mence de mars La fin du mois de mars est incarn\u00e9e par une douceur incroyable. Ici, la m\u00e9t\u00e9o a rendu ce confinement plus doux. Partout, le temps semblait s\u2019\u00eatre arr\u00eat\u00e9. Ici, jour apr\u00e8s jour, on remarquait notre paysage se transformer. Le vaste jardin de mon enfance commen\u00e7ait \u00e0 s\u2019\u00e9paissir&nbsp;: le saule pleureur que ma m\u00e8re &hellip; <a href=\"http:\/\/psig.huma-num.fr\/cartes-sensibles\/confinement-manon-prudhomme-2\/\" class=\"more-link\">Continuer la lecture de <span class=\"screen-reader-text\">Confinement &#8211; Manon prud&#8217;homme (2)<\/span>  <span class=\"meta-nav\">&rarr;<\/span><\/a><\/p>\n","protected":false},"author":2,"featured_media":0,"comment_status":"open","ping_status":"open","sticky":false,"template":"","format":"standard","meta":{"footnotes":""},"categories":[26],"tags":[],"class_list":["post-534","post","type-post","status-publish","format-standard","hentry","category-prive"],"_links":{"self":[{"href":"http:\/\/psig.huma-num.fr\/cartes-sensibles\/wp-json\/wp\/v2\/posts\/534","targetHints":{"allow":["GET"]}}],"collection":[{"href":"http:\/\/psig.huma-num.fr\/cartes-sensibles\/wp-json\/wp\/v2\/posts"}],"about":[{"href":"http:\/\/psig.huma-num.fr\/cartes-sensibles\/wp-json\/wp\/v2\/types\/post"}],"author":[{"embeddable":true,"href":"http:\/\/psig.huma-num.fr\/cartes-sensibles\/wp-json\/wp\/v2\/users\/2"}],"replies":[{"embeddable":true,"href":"http:\/\/psig.huma-num.fr\/cartes-sensibles\/wp-json\/wp\/v2\/comments?post=534"}],"version-history":[{"count":2,"href":"http:\/\/psig.huma-num.fr\/cartes-sensibles\/wp-json\/wp\/v2\/posts\/534\/revisions"}],"predecessor-version":[{"id":540,"href":"http:\/\/psig.huma-num.fr\/cartes-sensibles\/wp-json\/wp\/v2\/posts\/534\/revisions\/540"}],"wp:attachment":[{"href":"http:\/\/psig.huma-num.fr\/cartes-sensibles\/wp-json\/wp\/v2\/media?parent=534"}],"wp:term":[{"taxonomy":"category","embeddable":true,"href":"http:\/\/psig.huma-num.fr\/cartes-sensibles\/wp-json\/wp\/v2\/categories?post=534"},{"taxonomy":"post_tag","embeddable":true,"href":"http:\/\/psig.huma-num.fr\/cartes-sensibles\/wp-json\/wp\/v2\/tags?post=534"}],"curies":[{"name":"wp","href":"https:\/\/api.w.org\/{rel}","templated":true}]}}