{"id":627,"date":"2021-04-21T15:38:20","date_gmt":"2021-04-21T13:38:20","guid":{"rendered":"http:\/\/psig.huma-num.fr\/cartes-sensibles\/?p=627"},"modified":"2021-06-18T15:46:12","modified_gmt":"2021-06-18T13:46:12","slug":"cartographie-parcours-velo-autours-de-lehess","status":"publish","type":"post","link":"http:\/\/psig.huma-num.fr\/cartes-sensibles\/cartographie-parcours-velo-autours-de-lehess\/","title":{"rendered":"Cartographie Parcours v\u00e9lo autours de l&#8217;ehess"},"content":{"rendered":"\n<p class=\"has-normal-font-size\">Aur\u00e9lie Nicolella M2 TES<\/p>\n\n\n\n<figure class=\"wp-block-image size-large is-resized\"><a href=\"http:\/\/psig.huma-num.fr\/cartes-sensibles\/wp-content\/uploads\/2021\/04\/Carte-3-scaled.jpeg\"><img loading=\"lazy\" decoding=\"async\" src=\"http:\/\/psig.huma-num.fr\/cartes-sensibles\/wp-content\/uploads\/2021\/04\/Carte-3-1024x768.jpeg\" alt=\"\" class=\"wp-image-630\" width=\"450\" height=\"338\" srcset=\"http:\/\/psig.huma-num.fr\/cartes-sensibles\/wp-content\/uploads\/2021\/04\/Carte-3-1024x768.jpeg 1024w, http:\/\/psig.huma-num.fr\/cartes-sensibles\/wp-content\/uploads\/2021\/04\/Carte-3-300x225.jpeg 300w, http:\/\/psig.huma-num.fr\/cartes-sensibles\/wp-content\/uploads\/2021\/04\/Carte-3-768x576.jpeg 768w, http:\/\/psig.huma-num.fr\/cartes-sensibles\/wp-content\/uploads\/2021\/04\/Carte-3-1536x1152.jpeg 1536w, http:\/\/psig.huma-num.fr\/cartes-sensibles\/wp-content\/uploads\/2021\/04\/Carte-3-2048x1536.jpeg 2048w\" sizes=\"auto, (max-width: 450px) 100vw, 450px\" \/><\/a><\/figure>\n\n\n\n<p><\/p>\n\n\n\n<p><\/p>\n\n\n\n<figure class=\"wp-block-image size-large\"><img loading=\"lazy\" decoding=\"async\" width=\"1024\" height=\"768\" src=\"http:\/\/psig.huma-num.fr\/cartes-sensibles\/wp-content\/uploads\/2021\/04\/Carte-4-1024x768.jpeg\" alt=\"\" class=\"wp-image-632\" srcset=\"http:\/\/psig.huma-num.fr\/cartes-sensibles\/wp-content\/uploads\/2021\/04\/Carte-4-1024x768.jpeg 1024w, http:\/\/psig.huma-num.fr\/cartes-sensibles\/wp-content\/uploads\/2021\/04\/Carte-4-300x225.jpeg 300w, http:\/\/psig.huma-num.fr\/cartes-sensibles\/wp-content\/uploads\/2021\/04\/Carte-4-768x576.jpeg 768w, http:\/\/psig.huma-num.fr\/cartes-sensibles\/wp-content\/uploads\/2021\/04\/Carte-4-1536x1152.jpeg 1536w, http:\/\/psig.huma-num.fr\/cartes-sensibles\/wp-content\/uploads\/2021\/04\/Carte-4-2048x1536.jpeg 2048w\" sizes=\"auto, (max-width: 1024px) 100vw, 1024px\" \/><\/figure>\n\n\n\n<p>Cette carte a \u00e9t\u00e9 r\u00e9alis\u00e9e le 12 avril 2021. <\/p>\n\n\n\n<p><\/p>\n\n\n\n<p>J&#8217;ai commenc\u00e9 dans ma l\u00e9gende par identifier les bruits car c&#8217;est ce qui m&#8217;a le plus marqu\u00e9 lors de ma premi\u00e8re \u00e9coute. J&#8217;ai \u00e9galement souhaiter montrer la diversit\u00e9 des commerces, restaurants, des types d&#8217;immeubles car ils me paraissaient tr\u00e8s pr\u00e9sent pour la cycliste. <\/p>\n\n\n\n<p>J&#8217;ai choisi d&#8217;\u00e9crire certaines informations : comme la pr\u00e9sence de la police ou les bruits de travaux ou encore la pr\u00e9sence d&#8217;une \u00e9cole car je ne savais pas quelles graphismes utilis\u00e9es pour transmettre clairement ces informations qui m&#8217;ont sembl\u00e9es importantes dans la promenade. Je n&#8217;ai pas utilis\u00e9 d&#8217;\u00e9criture pour les \u00e9glises ou les h\u00f4pitaux car il m&#8217;a sembl\u00e9 que c&#8217;\u00e9tait des signes partag\u00e9es par toustes. <\/p>\n","protected":false},"excerpt":{"rendered":"<p>Aur\u00e9lie Nicolella M2 TES Cette carte a \u00e9t\u00e9 r\u00e9alis\u00e9e le 12 avril 2021. J&#8217;ai commenc\u00e9 dans ma l\u00e9gende par identifier les bruits car c&#8217;est ce qui m&#8217;a le plus marqu\u00e9 lors de ma premi\u00e8re \u00e9coute. J&#8217;ai \u00e9galement souhaiter montrer la diversit\u00e9 des commerces, restaurants, des types d&#8217;immeubles car ils me paraissaient tr\u00e8s pr\u00e9sent pour la &hellip; <a href=\"http:\/\/psig.huma-num.fr\/cartes-sensibles\/cartographie-parcours-velo-autours-de-lehess\/\" class=\"more-link\">Continuer la lecture de <span class=\"screen-reader-text\">Cartographie Parcours v\u00e9lo autours de l&#8217;ehess<\/span>  <span class=\"meta-nav\">&rarr;<\/span><\/a><\/p>\n","protected":false},"author":2,"featured_media":0,"comment_status":"open","ping_status":"open","sticky":false,"template":"","format":"standard","meta":{"footnotes":""},"categories":[27],"tags":[34],"class_list":["post-627","post","type-post","status-publish","format-standard","hentry","category-perception-parcours-velo","tag-aurelie-nicolella"],"_links":{"self":[{"href":"http:\/\/psig.huma-num.fr\/cartes-sensibles\/wp-json\/wp\/v2\/posts\/627","targetHints":{"allow":["GET"]}}],"collection":[{"href":"http:\/\/psig.huma-num.fr\/cartes-sensibles\/wp-json\/wp\/v2\/posts"}],"about":[{"href":"http:\/\/psig.huma-num.fr\/cartes-sensibles\/wp-json\/wp\/v2\/types\/post"}],"author":[{"embeddable":true,"href":"http:\/\/psig.huma-num.fr\/cartes-sensibles\/wp-json\/wp\/v2\/users\/2"}],"replies":[{"embeddable":true,"href":"http:\/\/psig.huma-num.fr\/cartes-sensibles\/wp-json\/wp\/v2\/comments?post=627"}],"version-history":[{"count":3,"href":"http:\/\/psig.huma-num.fr\/cartes-sensibles\/wp-json\/wp\/v2\/posts\/627\/revisions"}],"predecessor-version":[{"id":639,"href":"http:\/\/psig.huma-num.fr\/cartes-sensibles\/wp-json\/wp\/v2\/posts\/627\/revisions\/639"}],"wp:attachment":[{"href":"http:\/\/psig.huma-num.fr\/cartes-sensibles\/wp-json\/wp\/v2\/media?parent=627"}],"wp:term":[{"taxonomy":"category","embeddable":true,"href":"http:\/\/psig.huma-num.fr\/cartes-sensibles\/wp-json\/wp\/v2\/categories?post=627"},{"taxonomy":"post_tag","embeddable":true,"href":"http:\/\/psig.huma-num.fr\/cartes-sensibles\/wp-json\/wp\/v2\/tags?post=627"}],"curies":[{"name":"wp","href":"https:\/\/api.w.org\/{rel}","templated":true}]}}