{"id":660,"date":"2021-05-01T23:36:29","date_gmt":"2021-05-01T21:36:29","guid":{"rendered":"http:\/\/psig.huma-num.fr\/cartes-sensibles\/?p=660"},"modified":"2021-06-22T12:49:43","modified_gmt":"2021-06-22T10:49:43","slug":"cartographie-parcours-velo-de-gambetta-a-republique-louka-herse","status":"publish","type":"post","link":"http:\/\/psig.huma-num.fr\/cartes-sensibles\/cartographie-parcours-velo-de-gambetta-a-republique-louka-herse\/","title":{"rendered":"Cartographie Parcours V\u00e9lo &#8211; de Gambetta a R\u00e9publique &#8211; Louka Herse"},"content":{"rendered":"\n<p><strong>Des conditions de cartographie pr\u00e9caires<\/strong><\/p>\n\n\n\n<p>Je m&#8217;appr\u00eate \u00e0 d\u00e9poser ces deux mini-cartes sur le site du s\u00e9minaire. J&#8217;ai regard\u00e9 au pr\u00e9alable les autres productions d\u00e9j\u00e0 disponibles en ligne. La qualit\u00e9 de certaines est d\u00e9concertante et je me sens bien pi\u00e8tre cartographe \u00e0 c\u00f4t\u00e9 de leurs auteurs et autrices. C&#8217;est pourquoi, plut\u00f4t que de commenter les choix que j&#8217;ai pris le 12 avril 2021 afin de transposer les 15 minutes d&#8217;audio mis \u00e0 notre disposition en cartes, <strong>je reviendrai ici sur le contexte de production de ces deux pages cartographiques. <\/strong><\/p>\n\n\n\n<figure class=\"wp-block-gallery columns-1 is-cropped wp-block-gallery-1 is-layout-flex wp-block-gallery-is-layout-flex\"><ul class=\"blocks-gallery-grid\"><li class=\"blocks-gallery-item\"><figure><img loading=\"lazy\" decoding=\"async\" width=\"1920\" height=\"2560\" src=\"http:\/\/psig.huma-num.fr\/cartes-sensibles\/wp-content\/uploads\/2021\/05\/IMG_20210501_220816-scaled.jpg\" alt=\"\" data-id=\"661\" data-full-url=\"http:\/\/psig.huma-num.fr\/cartes-sensibles\/wp-content\/uploads\/2021\/05\/IMG_20210501_220816-scaled.jpg\" data-link=\"http:\/\/psig.huma-num.fr\/cartes-sensibles\/?attachment_id=661\" class=\"wp-image-661\" srcset=\"http:\/\/psig.huma-num.fr\/cartes-sensibles\/wp-content\/uploads\/2021\/05\/IMG_20210501_220816-scaled.jpg 1920w, http:\/\/psig.huma-num.fr\/cartes-sensibles\/wp-content\/uploads\/2021\/05\/IMG_20210501_220816-225x300.jpg 225w, http:\/\/psig.huma-num.fr\/cartes-sensibles\/wp-content\/uploads\/2021\/05\/IMG_20210501_220816-768x1024.jpg 768w, http:\/\/psig.huma-num.fr\/cartes-sensibles\/wp-content\/uploads\/2021\/05\/IMG_20210501_220816-1152x1536.jpg 1152w, http:\/\/psig.huma-num.fr\/cartes-sensibles\/wp-content\/uploads\/2021\/05\/IMG_20210501_220816-1536x2048.jpg 1536w\" sizes=\"auto, (max-width: 1920px) 100vw, 1920px\" \/><\/figure><\/li><\/ul><\/figure>\n\n\n\n<p>Au moment d&#8217;\u00e9crire, j&#8217;\u00e9tais tr\u00e8s fatigu\u00e9. Je venais de passer une \u00e9prouvante semaine sur mon terrain. J&#8217;avais encha\u00een\u00e9 les entretiens ethnographiques et j&#8217;avais aussi r\u00e9alis\u00e9 plusieurs marches urbaines avec mes interlocuteurs. Par ailleurs, je venais de pr\u00e9senter avec Romane Gad\u00e9 un article sur les marches sensibles \u00e9crit par H\u00e9l\u00e8ne Ancion. Malgr\u00e9 ma condition de randonneur \u00e9m\u00e9rite, cela faisait beaucoup de marches en une seule semaine : j&#8217;\u00e9tais \u00e9prouv\u00e9. <\/p>\n\n\n\n<figure class=\"wp-block-gallery columns-1 is-cropped wp-block-gallery-2 is-layout-flex wp-block-gallery-is-layout-flex\"><ul class=\"blocks-gallery-grid\"><li class=\"blocks-gallery-item\"><figure><img loading=\"lazy\" decoding=\"async\" width=\"1024\" height=\"768\" src=\"http:\/\/psig.huma-num.fr\/cartes-sensibles\/wp-content\/uploads\/2021\/05\/IMG_20210501_220836-1-1024x768.jpg\" alt=\"\" data-id=\"663\" data-full-url=\"http:\/\/psig.huma-num.fr\/cartes-sensibles\/wp-content\/uploads\/2021\/05\/IMG_20210501_220836-1-scaled.jpg\" data-link=\"http:\/\/psig.huma-num.fr\/cartes-sensibles\/?attachment_id=663\" class=\"wp-image-663\" srcset=\"http:\/\/psig.huma-num.fr\/cartes-sensibles\/wp-content\/uploads\/2021\/05\/IMG_20210501_220836-1-1024x768.jpg 1024w, http:\/\/psig.huma-num.fr\/cartes-sensibles\/wp-content\/uploads\/2021\/05\/IMG_20210501_220836-1-300x225.jpg 300w, http:\/\/psig.huma-num.fr\/cartes-sensibles\/wp-content\/uploads\/2021\/05\/IMG_20210501_220836-1-768x576.jpg 768w, http:\/\/psig.huma-num.fr\/cartes-sensibles\/wp-content\/uploads\/2021\/05\/IMG_20210501_220836-1-1536x1152.jpg 1536w, http:\/\/psig.huma-num.fr\/cartes-sensibles\/wp-content\/uploads\/2021\/05\/IMG_20210501_220836-1-2048x1536.jpg 2048w\" sizes=\"auto, (max-width: 1024px) 100vw, 1024px\" \/><\/figure><\/li><\/ul><\/figure>\n\n\n\n<p>J&#8217;\u00e9tais donc peu frais et  peu dispos pour recevoir le mat\u00e9riau sonore propos\u00e9. Mais le principal probl\u00e8me fut d&#8217;ordre mat\u00e9riel : j&#8217;\u00e9tais mal arm\u00e9 pour cartographier. D&#8217;une part, j&#8217;\u00e9tais venu sans feuilles blanches. D&#8217;autre part, comble du ridicule pour un cartographe, je n&#8217;avais pas sur moi ma trousse \u00e0 crayons-de-couleurs. Je n&#8217;avais que mon carnet vert (mon carnet de s\u00e9minaires), un crayon de papier et deux stylos Bic, rouge et noir.<\/p>\n\n\n\n<p>Comment ai-je donc proc\u00e9d\u00e9 dans ces conditions cartographiques pr\u00e9caires ? <\/p>\n\n\n\n<figure class=\"wp-block-gallery columns-1 is-cropped wp-block-gallery-3 is-layout-flex wp-block-gallery-is-layout-flex\"><ul class=\"blocks-gallery-grid\"><li class=\"blocks-gallery-item\"><figure><img loading=\"lazy\" decoding=\"async\" width=\"1024\" height=\"768\" src=\"http:\/\/psig.huma-num.fr\/cartes-sensibles\/wp-content\/uploads\/2021\/05\/IMG_20210501_225645-1024x768.jpg\" alt=\"\" data-id=\"664\" data-full-url=\"http:\/\/psig.huma-num.fr\/cartes-sensibles\/wp-content\/uploads\/2021\/05\/IMG_20210501_225645-scaled.jpg\" data-link=\"http:\/\/psig.huma-num.fr\/cartes-sensibles\/?attachment_id=664\" class=\"wp-image-664\" srcset=\"http:\/\/psig.huma-num.fr\/cartes-sensibles\/wp-content\/uploads\/2021\/05\/IMG_20210501_225645-1024x768.jpg 1024w, http:\/\/psig.huma-num.fr\/cartes-sensibles\/wp-content\/uploads\/2021\/05\/IMG_20210501_225645-300x225.jpg 300w, http:\/\/psig.huma-num.fr\/cartes-sensibles\/wp-content\/uploads\/2021\/05\/IMG_20210501_225645-768x576.jpg 768w, http:\/\/psig.huma-num.fr\/cartes-sensibles\/wp-content\/uploads\/2021\/05\/IMG_20210501_225645-1536x1152.jpg 1536w, http:\/\/psig.huma-num.fr\/cartes-sensibles\/wp-content\/uploads\/2021\/05\/IMG_20210501_225645-2048x1536.jpg 2048w\" sizes=\"auto, (max-width: 1024px) 100vw, 1024px\" \/><\/figure><\/li><\/ul><\/figure>\n\n\n\n<p>J&#8217;avais une heure pour mettre en application un protocole d&#8217;enqu\u00eate cons\u00e9quent. Il fallait donc que je n&#8217;\u00e9coute qu&#8217;une seule fois l&#8217;audio de 15 minutes et que cette \u00e9coute soit efficace. Mais comment d\u00e9velopper une fa\u00e7on d&#8217;annoter sans conna\u00eetre le texte \u00e0 \u00e9tudier ? J&#8217;ai lanc\u00e9 l&#8217;audio. Apr\u00e8s une minute d&#8217;\u00e9coute, j&#8217;ai d\u00e9cid\u00e9 de diviser ma prise de notes en deux. Cette division est visible sur ma feuille (voir photographies ci-dessus et ci-dessous). A gauche, j&#8217;\u00e9crirai  toutes les informations se rapportant \u00e0 la ville v\u00e9cue, \u00e0 commencer par les \u00e9motions de la cycliste \u00e9tudi\u00e9e. A droite, je noterai des informations plus concr\u00e8tes : les \u00e9l\u00e9ments les plus visibles du paysage pour la cycliste, ses changements de direction, etc. <\/p>\n\n\n\n<figure class=\"wp-block-gallery columns-1 is-cropped wp-block-gallery-4 is-layout-flex wp-block-gallery-is-layout-flex\"><ul class=\"blocks-gallery-grid\"><li class=\"blocks-gallery-item\"><figure><img loading=\"lazy\" decoding=\"async\" width=\"768\" height=\"1024\" src=\"http:\/\/psig.huma-num.fr\/cartes-sensibles\/wp-content\/uploads\/2021\/05\/IMG_20210501_225653-1-768x1024.jpg\" alt=\"\" data-id=\"667\" data-full-url=\"http:\/\/psig.huma-num.fr\/cartes-sensibles\/wp-content\/uploads\/2021\/05\/IMG_20210501_225653-1-scaled.jpg\" data-link=\"http:\/\/psig.huma-num.fr\/cartes-sensibles\/?attachment_id=667\" class=\"wp-image-667\" srcset=\"http:\/\/psig.huma-num.fr\/cartes-sensibles\/wp-content\/uploads\/2021\/05\/IMG_20210501_225653-1-768x1024.jpg 768w, http:\/\/psig.huma-num.fr\/cartes-sensibles\/wp-content\/uploads\/2021\/05\/IMG_20210501_225653-1-225x300.jpg 225w, http:\/\/psig.huma-num.fr\/cartes-sensibles\/wp-content\/uploads\/2021\/05\/IMG_20210501_225653-1-1152x1536.jpg 1152w, http:\/\/psig.huma-num.fr\/cartes-sensibles\/wp-content\/uploads\/2021\/05\/IMG_20210501_225653-1-1536x2048.jpg 1536w, http:\/\/psig.huma-num.fr\/cartes-sensibles\/wp-content\/uploads\/2021\/05\/IMG_20210501_225653-1-scaled.jpg 1920w\" sizes=\"auto, (max-width: 768px) 100vw, 768px\" \/><\/figure><\/li><\/ul><\/figure>\n\n\n\n<p>Mais cette prise de notes fut compliqu\u00e9e par le d\u00e9bit rapide de la cycliste. Tr\u00e8s vite, je me suis content\u00e9 de noter, de tout noter, pour ne pas manquer une information-clef de son parcours urbain. Pour r\u00e9ussir \u00e0 annoter correctement, il aurait fallu \u00e9couter \u00e0 plusieurs reprises l&#8217;enregistrement, ce qui n&#8217;\u00e9tait pas concevable dans le temps imparti. <\/p>\n\n\n\n<figure class=\"wp-block-gallery columns-1 is-cropped wp-block-gallery-5 is-layout-flex wp-block-gallery-is-layout-flex\"><ul class=\"blocks-gallery-grid\"><li class=\"blocks-gallery-item\"><figure><img loading=\"lazy\" decoding=\"async\" width=\"768\" height=\"1024\" src=\"http:\/\/psig.huma-num.fr\/cartes-sensibles\/wp-content\/uploads\/2021\/05\/IMG_20210501_225657-768x1024.jpg\" alt=\"\" data-id=\"666\" data-full-url=\"http:\/\/psig.huma-num.fr\/cartes-sensibles\/wp-content\/uploads\/2021\/05\/IMG_20210501_225657-scaled.jpg\" data-link=\"http:\/\/psig.huma-num.fr\/cartes-sensibles\/?attachment_id=666\" class=\"wp-image-666\" srcset=\"http:\/\/psig.huma-num.fr\/cartes-sensibles\/wp-content\/uploads\/2021\/05\/IMG_20210501_225657-768x1024.jpg 768w, http:\/\/psig.huma-num.fr\/cartes-sensibles\/wp-content\/uploads\/2021\/05\/IMG_20210501_225657-225x300.jpg 225w, http:\/\/psig.huma-num.fr\/cartes-sensibles\/wp-content\/uploads\/2021\/05\/IMG_20210501_225657-1152x1536.jpg 1152w, http:\/\/psig.huma-num.fr\/cartes-sensibles\/wp-content\/uploads\/2021\/05\/IMG_20210501_225657-1536x2048.jpg 1536w, http:\/\/psig.huma-num.fr\/cartes-sensibles\/wp-content\/uploads\/2021\/05\/IMG_20210501_225657-scaled.jpg 1920w\" sizes=\"auto, (max-width: 768px) 100vw, 768px\" \/><\/figure><\/li><\/ul><\/figure>\n\n\n\n<p><strong>Finalement, que retenir de cette cartographie ?<\/strong> <\/p>\n\n\n\n<p>Peut-\u00eatre que l&#8217;exercice cartographique repose sur un ensemble de choses tr\u00e8s terrestres : l&#8217;<em>\u00e9tat physique et psychologique du chercheur<\/em>, le mat\u00e9riel et le mat\u00e9riau disponibles pour cartographier. Ou peut-\u00eatre qu&#8217;il repose juste sur une <em>tasse remplie de caf\u00e9<\/em>. <\/p>\n\n\n\n<p>Louka Herse &#8211; Master 1 &#8220;Territoires, Espaces, Soci\u00e9t\u00e9s&#8221;, Ecole des hautes \u00e9tudes en sciences sociales<\/p>\n","protected":false},"excerpt":{"rendered":"<p>Des conditions de cartographie pr\u00e9caires Je m&#8217;appr\u00eate \u00e0 d\u00e9poser ces deux mini-cartes sur le site du s\u00e9minaire. J&#8217;ai regard\u00e9 au pr\u00e9alable les autres productions d\u00e9j\u00e0 disponibles en ligne. La qualit\u00e9 de certaines est d\u00e9concertante et je me sens bien pi\u00e8tre cartographe \u00e0 c\u00f4t\u00e9 de leurs auteurs et autrices. C&#8217;est pourquoi, plut\u00f4t que de commenter les &hellip; <a href=\"http:\/\/psig.huma-num.fr\/cartes-sensibles\/cartographie-parcours-velo-de-gambetta-a-republique-louka-herse\/\" class=\"more-link\">Continuer la lecture de <span class=\"screen-reader-text\">Cartographie Parcours V\u00e9lo &#8211; de Gambetta a R\u00e9publique &#8211; Louka Herse<\/span>  <span class=\"meta-nav\">&rarr;<\/span><\/a><\/p>\n","protected":false},"author":2,"featured_media":0,"comment_status":"open","ping_status":"open","sticky":false,"template":"","format":"standard","meta":{"footnotes":""},"categories":[27],"tags":[42],"class_list":["post-660","post","type-post","status-publish","format-standard","hentry","category-perception-parcours-velo","tag-l-herse"],"_links":{"self":[{"href":"http:\/\/psig.huma-num.fr\/cartes-sensibles\/wp-json\/wp\/v2\/posts\/660","targetHints":{"allow":["GET"]}}],"collection":[{"href":"http:\/\/psig.huma-num.fr\/cartes-sensibles\/wp-json\/wp\/v2\/posts"}],"about":[{"href":"http:\/\/psig.huma-num.fr\/cartes-sensibles\/wp-json\/wp\/v2\/types\/post"}],"author":[{"embeddable":true,"href":"http:\/\/psig.huma-num.fr\/cartes-sensibles\/wp-json\/wp\/v2\/users\/2"}],"replies":[{"embeddable":true,"href":"http:\/\/psig.huma-num.fr\/cartes-sensibles\/wp-json\/wp\/v2\/comments?post=660"}],"version-history":[{"count":3,"href":"http:\/\/psig.huma-num.fr\/cartes-sensibles\/wp-json\/wp\/v2\/posts\/660\/revisions"}],"predecessor-version":[{"id":670,"href":"http:\/\/psig.huma-num.fr\/cartes-sensibles\/wp-json\/wp\/v2\/posts\/660\/revisions\/670"}],"wp:attachment":[{"href":"http:\/\/psig.huma-num.fr\/cartes-sensibles\/wp-json\/wp\/v2\/media?parent=660"}],"wp:term":[{"taxonomy":"category","embeddable":true,"href":"http:\/\/psig.huma-num.fr\/cartes-sensibles\/wp-json\/wp\/v2\/categories?post=660"},{"taxonomy":"post_tag","embeddable":true,"href":"http:\/\/psig.huma-num.fr\/cartes-sensibles\/wp-json\/wp\/v2\/tags?post=660"}],"curies":[{"name":"wp","href":"https:\/\/api.w.org\/{rel}","templated":true}]}}