{"id":726,"date":"2021-05-30T22:12:05","date_gmt":"2021-05-30T20:12:05","guid":{"rendered":"http:\/\/psig.huma-num.fr\/cartes-sensibles\/?p=726"},"modified":"2021-06-18T15:32:57","modified_gmt":"2021-06-18T13:32:57","slug":"proposition-de-protocole-parvis-a-fletcher-r-gade-m-prejengemme-m-sbriglio-et-l-soto","status":"publish","type":"post","link":"http:\/\/psig.huma-num.fr\/cartes-sensibles\/proposition-de-protocole-parvis-a-fletcher-r-gade-m-prejengemme-m-sbriglio-et-l-soto\/","title":{"rendered":"Proposition de Protocole Parvis &#8211; A. Fletcher, R. Gad\u00e9, M. Pr\u00e9jengemme, M. Sbriglio et L. Soto"},"content":{"rendered":"\n<p><em>Anastasia Fletcher, Romane Gad\u00e9, M\u00e9lodia Pr\u00e9jengemme, Marion Sbriglio et Lisette Soto<\/em><\/p>\n\n\n\n<p><strong>Pr\u00e9sentation<\/strong><\/p>\n\n\n\n<p>Ce protocole de promenade et de cartographie sensibles s\u2019inscrit dans le cadre du projet PARVIS. Il a \u00e9t\u00e9 pens\u00e9 pour \u00eatre r\u00e9alis\u00e9 \u00e0 Marne-la-Vall\u00e9e, autour de la biblioth\u00e8que Georges Perec, lieu o\u00f9 se tiendra le colloque du projet PARVIS. Ce colloque r\u00e9unira pr\u00e8s d\u2019une trentaine de personnes. La plupart seront pr\u00e9sents sur les lieux, mais une partie des participant.e.s suivra la journ\u00e9e d\u2019\u00e9tude \u00e0 distance.&nbsp;<\/p>\n\n\n\n<p>L\u2019objectif de l\u2019exp\u00e9rimentation est de rendre compte des zones de fra\u00eecheur et de chaleur \u00e0 l\u2019occasion d\u2019un parcours. Notre protocole se construit autour de la question de la comparaison de l\u2019identification <em>a priori<\/em> des zones de chaleur ou de fra\u00eecheur et des perceptions r\u00e9elles ressenties sur le terrain, lors de la promenade.&nbsp;<\/p>\n\n\n\n<p><strong>D\u00e9roul\u00e9 du protocole<\/strong><\/p>\n\n\n\n<p>Le protocole, qui&nbsp; se d\u00e9roule sur une heure, comporte trois grandes \u00e9tapes. Chaque \u00e9tape est diff\u00e9rente selon que les participant.e.s soient en pr\u00e9sentiel ou en distanciel.&nbsp;<\/p>\n\n\n\n<ol class=\"wp-block-list\"><li><em>Identification pr\u00e9alable et cartographique des zones de fra\u00eecheur et de chaleur<\/em> (dur\u00e9e : 5 minutes)<\/li><\/ol>\n\n\n\n<ul class=\"wp-block-list\"><li><strong><em>pour les personnes en pr\u00e9sentiel <\/em><\/strong>: un fond de carte est distribu\u00e9 aux participant.e.s, sur lequel est indiqu\u00e9 le parcours p\u00e9destre qui sera r\u00e9alis\u00e9. Les participant.e.s identifient sur un calque superpos\u00e9 au fond de carte les zones suppos\u00e9es de chaleur et de fra\u00eecheur selon les diff\u00e9rentes \u00e9tapes du parcours d\u00e9termin\u00e9 \u00e0 l\u2019avance.&nbsp;<\/li><li><strong><em>pour les personnes \u00e0 distance <\/em><\/strong><strong>: <\/strong>elles r\u00e9alisent ce m\u00eame travail mais sur un SIG, par exemple sur l\u2019application My Maps. Le parcours est, l\u00e0 aussi, pr\u00e9par\u00e9 et inscrit par avance sur la carte.&nbsp;<\/li><\/ul>\n\n\n\n<p>Bien que les participant.e.s soit divis\u00e9.e.s en deux groupes selon leur pr\u00e9sence physique ou non au colloque, ils.elles travaillent avec des variables fixes : l\u2019emprise est la m\u00eame (le lieu est identique), le support est similaire (le m\u00eame fond de carte, poss\u00e9dant les m\u00eames informations topographiques), et il leur est demand\u00e9 d\u2019utiliser une s\u00e9miologie fixe (en bleu les zones de fra\u00eecheur, en rouge les zones de chaleur).<\/p>\n\n\n\n<ol class=\"wp-block-list\" start=\"2\"><li><em>Promenade sensible \u00e0 pied et en syst\u00e8me hybride (20 \u00e0 30 minutes)<\/em><\/li><\/ol>\n\n\n\n<ul class=\"wp-block-list\"><li><strong><em>pour les personnes en pr\u00e9sentiel<\/em><\/strong>: r\u00e9alisation du parcours p\u00e9destre au d\u00e9part de la biblioth\u00e8que George Perec. Les participant.e.s sont ici dot\u00e9.e.s d\u2019une feuille calque qu\u2019ils.elles superposent \u00e0 leur fond de carte de l\u2019\u00e9tape 1. Sur ce calque, les personnes sont invit\u00e9es \u00e0 \u00e9crire leurs ressentis et leurs perceptions des zones de fra\u00eecheur et de chaleur par tous les sens : le toucher (sensation de chaleur\/fra\u00eecheur sur le corps), l\u2019odorat&#8230;<\/li><li><strong><em>pour les personnes \u00e0 distance &#8211; un parcours p\u00e9destre hybride<\/em><\/strong><strong> : <\/strong>Un.e organisateur.ice filme en direct le parcours avec une GoPro (grand angle) et enregistre le son de la balade en live. Attention : la personne enregistre le parcours de la mani\u00e8re la plus exhaustive possible, pour essayer de neutraliser au maximum les biais de s\u00e9lection.<\/li><\/ul>\n\n\n\n<p>Les personnes \u00e0 distance notent, sur un calque SIG dans l\u2019application My Maps, les perceptions qu\u2019ils saisissent virtuellement aussi bien par la vue (gr\u00e2ce \u00e0 l\u2019image film\u00e9e qui leur permet par exemple de capter les zones de lumi\u00e8re ou d\u2019ombre, la texture des b\u00e2timents&#8230;) et par l\u2019ou\u00efe (son).&nbsp;<\/p>\n\n\n\n<p>Possibilit\u00e9 de plan B pour le parcours hybride : Un parcours sur street-view avec un enregistrement audio pr\u00e9alable fourni aux participants.&nbsp;<\/p>\n\n\n\n<ol class=\"wp-block-list\" start=\"3\"><li><em>Mise en commun collective, comparaison des diff\u00e9rents calques physiques et virtuels et cartographie collective (30 minutes)<\/em><\/li><\/ol>\n\n\n\n<p>A l\u2019issue de la balade, une mise en commun est organis\u00e9e pour permettre la comparaison entre les perceptions personnelles. Cette mise en commun est r\u00e9alis\u00e9e en 5 groupes de 5 personnes (un groupe compos\u00e9 des 5 personnes en distanciel et les 4 autres groupes sont constitu\u00e9 des participant.e.s en pr\u00e9sentiel). Ce travail de comparaison des ressentis doit permettre la cr\u00e9ation d\u2019une cartographie collective (par groupe) des zones de fra\u00eecheur et de chaleur.&nbsp;<\/p>\n\n\n\n<p>Pourra-t-on observer une s\u00e9rie d&#8217;\u00e9carts importants entre projections\/sensations, individuel\/collectif ? Quelles sont les relations entre repr\u00e9sentations\/projections et sensations identifi\u00e9es, nomm\u00e9es et spatialis\u00e9es via la carte et via plusieurs sens ? Enfin, en quoi la dimension multisensorielle, de plus en plus prise en charge par les \u00e9tudes urbaines et en am\u00e9nagement attentive \u00e0 l&#8217;espace sensible per\u00e7u et v\u00e9cu (Manola, 2013) joue-t-elle sur la repr\u00e9sentation cartographique synth\u00e9tique des zones chaleur \/ fra\u00eecheur ?<\/p>\n","protected":false},"excerpt":{"rendered":"<p>Anastasia Fletcher, Romane Gad\u00e9, M\u00e9lodia Pr\u00e9jengemme, Marion Sbriglio et Lisette Soto Pr\u00e9sentation Ce protocole de promenade et de cartographie sensibles s\u2019inscrit dans le cadre du projet PARVIS. Il a \u00e9t\u00e9 pens\u00e9 pour \u00eatre r\u00e9alis\u00e9 \u00e0 Marne-la-Vall\u00e9e, autour de la biblioth\u00e8que Georges Perec, lieu o\u00f9 se tiendra le colloque du projet PARVIS. Ce colloque r\u00e9unira pr\u00e8s &hellip; <a href=\"http:\/\/psig.huma-num.fr\/cartes-sensibles\/proposition-de-protocole-parvis-a-fletcher-r-gade-m-prejengemme-m-sbriglio-et-l-soto\/\" class=\"more-link\">Continuer la lecture de <span class=\"screen-reader-text\">Proposition de Protocole Parvis &#8211; A. Fletcher, R. Gad\u00e9, M. Pr\u00e9jengemme, M. Sbriglio et L. Soto<\/span>  <span class=\"meta-nav\">&rarr;<\/span><\/a><\/p>\n","protected":false},"author":2,"featured_media":0,"comment_status":"open","ping_status":"open","sticky":false,"template":"","format":"standard","meta":{"footnotes":""},"categories":[28],"tags":[31],"class_list":["post-726","post","type-post","status-publish","format-standard","hentry","category-protocole-parvis","tag-prejengemme-melodia"],"_links":{"self":[{"href":"http:\/\/psig.huma-num.fr\/cartes-sensibles\/wp-json\/wp\/v2\/posts\/726","targetHints":{"allow":["GET"]}}],"collection":[{"href":"http:\/\/psig.huma-num.fr\/cartes-sensibles\/wp-json\/wp\/v2\/posts"}],"about":[{"href":"http:\/\/psig.huma-num.fr\/cartes-sensibles\/wp-json\/wp\/v2\/types\/post"}],"author":[{"embeddable":true,"href":"http:\/\/psig.huma-num.fr\/cartes-sensibles\/wp-json\/wp\/v2\/users\/2"}],"replies":[{"embeddable":true,"href":"http:\/\/psig.huma-num.fr\/cartes-sensibles\/wp-json\/wp\/v2\/comments?post=726"}],"version-history":[{"count":1,"href":"http:\/\/psig.huma-num.fr\/cartes-sensibles\/wp-json\/wp\/v2\/posts\/726\/revisions"}],"predecessor-version":[{"id":727,"href":"http:\/\/psig.huma-num.fr\/cartes-sensibles\/wp-json\/wp\/v2\/posts\/726\/revisions\/727"}],"wp:attachment":[{"href":"http:\/\/psig.huma-num.fr\/cartes-sensibles\/wp-json\/wp\/v2\/media?parent=726"}],"wp:term":[{"taxonomy":"category","embeddable":true,"href":"http:\/\/psig.huma-num.fr\/cartes-sensibles\/wp-json\/wp\/v2\/categories?post=726"},{"taxonomy":"post_tag","embeddable":true,"href":"http:\/\/psig.huma-num.fr\/cartes-sensibles\/wp-json\/wp\/v2\/tags?post=726"}],"curies":[{"name":"wp","href":"https:\/\/api.w.org\/{rel}","templated":true}]}}