{"id":736,"date":"2021-06-15T17:32:51","date_gmt":"2021-06-15T15:32:51","guid":{"rendered":"http:\/\/psig.huma-num.fr\/cartes-sensibles\/?p=736"},"modified":"2021-06-22T12:48:45","modified_gmt":"2021-06-22T10:48:45","slug":"proposition-de-protocole-parvis-louka-herse-beatriz-raimundez-et-aurelie-nicolella","status":"publish","type":"post","link":"http:\/\/psig.huma-num.fr\/cartes-sensibles\/proposition-de-protocole-parvis-louka-herse-beatriz-raimundez-et-aurelie-nicolella\/","title":{"rendered":"Proposition de protocole PARVIs &#8211; Louka Herse, Beatriz Raimundez et Aur\u00e9lie Nicolella."},"content":{"rendered":"\n<p><strong>Imaginer la ville du futur, entre chaleur et fra\u00eecheur<\/strong><\/p>\n\n\n\n<p><strong><span style=\"text-decoration: underline\">Objectif\u00a0:<\/span><\/strong> il s\u2019agit d\u2019imaginer la ville du futur, entre chaleur et fra\u00eecheur, \u00e0 partir d\u2019un parcours urbain d\u00e9limit\u00e9 par les enqu\u00eateurs et donnant lieu \u00e0 la production d\u2019une carte sensible.<\/p>\n\n\n\n<p><em><span style=\"text-decoration: underline\">Forme de l\u2019enqu\u00eate<\/span><\/em><\/p>\n\n\n\n<p>. La r\u00e9alisation du protocole sera pr\u00e9c\u00e9d\u00e9e d\u2019un temps d\u2019explication. Alors, les organisateurs expliqueront aux participants les fondements, les objectifs du protocole et les moyens utilis\u00e9s pour y parvenir (temps pr\u00e9vu&nbsp;: 15-20 minutes).<\/p>\n\n\n\n<p>. Pour les participants en distanciel, un des organisateurs r\u00e9alisera une capture vid\u00e9o en direct et commentera sa perception de la chaleur et de la fra\u00eecheur au fil de son parcours.<\/p>\n\n\n\n<p>. Pour les participants en pr\u00e9sentiel, il s\u2019agira durant le parcours de dessiner sur une carte les points de fra\u00eecheur et de chaleur, et parall\u00e8lement de prendre des notes sur un support papier. A l\u2019issue de ce parcours et avec les donn\u00e9es r\u00e9colt\u00e9es, chacun sera alors charg\u00e9 de produire une carte sensible individuelle.<\/p>\n\n\n\n<p>. Le protocole est individuel, chacun note et cartographie ses perceptions.<\/p>\n\n\n\n<p><em><span style=\"text-decoration: underline\">Organisation du parcours<\/span><\/em><\/p>\n\n\n\n<p>. Il est d\u00e9limit\u00e9 au pr\u00e9alable par les organisateurs.<\/p>\n\n\n\n<p>. Il durera 1 heure.<\/p>\n\n\n\n<p>. Lors du parcours, les organisateurs guideront les participants afin que ceux-ci se concentrent sur la r\u00e9colte de donn\u00e9es sensibles.<\/p>\n\n\n\n<p>. Ce parcours sera suivi d\u2019une collation, elle-aussi film\u00e9e par l\u2019organisateur-vid\u00e9aste.<\/p>\n\n\n\n<p><em><span style=\"text-decoration: underline\">Organisation de la production d\u2019une carte sensible<\/span><\/em><\/p>\n\n\n\n<p>. Le temps imparti pour r\u00e9aliser ces cartes sensibles sera de une heure et demi, dans l\u2019apr\u00e8s-midi suivant le parcours urbain.<\/p>\n\n\n\n<p>. Les participants auront \u00e0 disposition des feutres de diff\u00e9rentes couleurs, des crayons de papier et des stylos. Ils pourront aussi utiliser des feuilles de diff\u00e9rentes couleurs, des paires de ciseaux et de la colle pour proc\u00e9der \u00e0 des collages.<\/p>\n\n\n\n<p><em><span style=\"text-decoration: underline\">Commentaires de cartes et discussion finale<\/span><\/em><\/p>\n\n\n\n<p>. Le jour suivant la production de ces cartes sensibles, organisateurs et participants pourront les consulter dans la biblioth\u00e8que Georges Perec. Les cartes seront dispos\u00e9es sur des tables, espac\u00e9es les unes des autres, afin de respecter les r\u00e8gles sanitaires. Ce temps d\u2019observation sera limit\u00e9 \u00e0 l\u2019heure du midi.<\/p>\n\n\n\n<p>. Ensuite, dans l\u2019apr\u00e8s-midi, une analyse par groupe de 4 personnes sera propos\u00e9e. Il s\u2019agira alors d\u2019\u00e9changer pendant 30 minutes autour de ces diverses productions et, \u00e0 partir de ces comparaisons, faire des propositions pour une ville du futur. Chaque groupe viendra pr\u00e9senter ensuite son analyse devant l\u2019auditoire et une discussion, anim\u00e9e par les organisateurs et organisatrices, pourra \u00eatre entam\u00e9e. Il s\u2019agira alors de penser la ville du futur au regard des zones de chaleur et de fra\u00eecheur observ\u00e9es et per\u00e7ues lors du parcours.<\/p>\n\n\n\n<p>Un protocole propos\u00e9 par Louka Herse, Beatriz Raimundez et Aur\u00e9lie Nicolella.<\/p>\n","protected":false},"excerpt":{"rendered":"<p>Imaginer la ville du futur, entre chaleur et fra\u00eecheur Objectif\u00a0: il s\u2019agit d\u2019imaginer la ville du futur, entre chaleur et fra\u00eecheur, \u00e0 partir d\u2019un parcours urbain d\u00e9limit\u00e9 par les enqu\u00eateurs et donnant lieu \u00e0 la production d\u2019une carte sensible. Forme de l\u2019enqu\u00eate . La r\u00e9alisation du protocole sera pr\u00e9c\u00e9d\u00e9e d\u2019un temps d\u2019explication. Alors, les organisateurs &hellip; <a href=\"http:\/\/psig.huma-num.fr\/cartes-sensibles\/proposition-de-protocole-parvis-louka-herse-beatriz-raimundez-et-aurelie-nicolella\/\" class=\"more-link\">Continuer la lecture de <span class=\"screen-reader-text\">Proposition de protocole PARVIs &#8211; Louka Herse, Beatriz Raimundez et Aur\u00e9lie Nicolella.<\/span>  <span class=\"meta-nav\">&rarr;<\/span><\/a><\/p>\n","protected":false},"author":2,"featured_media":0,"comment_status":"open","ping_status":"open","sticky":false,"template":"","format":"standard","meta":{"footnotes":""},"categories":[28],"tags":[34,42],"class_list":["post-736","post","type-post","status-publish","format-standard","hentry","category-protocole-parvis","tag-aurelie-nicolella","tag-l-herse"],"_links":{"self":[{"href":"http:\/\/psig.huma-num.fr\/cartes-sensibles\/wp-json\/wp\/v2\/posts\/736","targetHints":{"allow":["GET"]}}],"collection":[{"href":"http:\/\/psig.huma-num.fr\/cartes-sensibles\/wp-json\/wp\/v2\/posts"}],"about":[{"href":"http:\/\/psig.huma-num.fr\/cartes-sensibles\/wp-json\/wp\/v2\/types\/post"}],"author":[{"embeddable":true,"href":"http:\/\/psig.huma-num.fr\/cartes-sensibles\/wp-json\/wp\/v2\/users\/2"}],"replies":[{"embeddable":true,"href":"http:\/\/psig.huma-num.fr\/cartes-sensibles\/wp-json\/wp\/v2\/comments?post=736"}],"version-history":[{"count":1,"href":"http:\/\/psig.huma-num.fr\/cartes-sensibles\/wp-json\/wp\/v2\/posts\/736\/revisions"}],"predecessor-version":[{"id":737,"href":"http:\/\/psig.huma-num.fr\/cartes-sensibles\/wp-json\/wp\/v2\/posts\/736\/revisions\/737"}],"wp:attachment":[{"href":"http:\/\/psig.huma-num.fr\/cartes-sensibles\/wp-json\/wp\/v2\/media?parent=736"}],"wp:term":[{"taxonomy":"category","embeddable":true,"href":"http:\/\/psig.huma-num.fr\/cartes-sensibles\/wp-json\/wp\/v2\/categories?post=736"},{"taxonomy":"post_tag","embeddable":true,"href":"http:\/\/psig.huma-num.fr\/cartes-sensibles\/wp-json\/wp\/v2\/tags?post=736"}],"curies":[{"name":"wp","href":"https:\/\/api.w.org\/{rel}","templated":true}]}}