{"id":952,"date":"2022-11-10T01:18:54","date_gmt":"2022-11-10T00:18:54","guid":{"rendered":"http:\/\/psig.huma-num.fr\/cartes-sensibles\/?p=952"},"modified":"2023-08-30T15:23:37","modified_gmt":"2023-08-30T13:23:37","slug":"exercice-cartographique-velo-ys","status":"publish","type":"post","link":"http:\/\/psig.huma-num.fr\/cartes-sensibles\/exercice-cartographique-velo-ys\/","title":{"rendered":"Exercice cartographique \u201cV\u00e9lo\u201d \u2013 Y.S."},"content":{"rendered":"\n<p>Lors de cet exercice, nous devions \u00e9couter un enregistrement audio de 20 minutes et tenter de le retranscrire de mani\u00e8re cartographique.<\/p>\n\n\n\n<p>Pour ce faire, j&#8217;ai \u00e9cout\u00e9 l&#8217;enregistrement en tentant de prendre des notes les plus pr\u00e9cises possibles afin de m&#8217;aider dans la repr\u00e9sentation cartographique. Je ne sais pas si c&#8217;est \u00e0 cause de mon parcours en g\u00e9ographie (et en math\u00e9matiques par le pass\u00e9) que j&#8217;ai effectu\u00e9 certains choix, mais il me semblait n\u00e9cessaire de repr\u00e9senter une cartographie correspondant relativement \u00e0 la r\u00e9alit\u00e9, \u00e0 la localisation et \u00e0 un &#8220;phasage analytique&#8221;. J&#8217;ai donc port\u00e9 une attention particuli\u00e8re \u00e0 la repr\u00e9sentation des diff\u00e9rentes caract\u00e9ristiques du trajet (<em>bruit, trottoirs, places de parking, pistes cyclables, arr\u00eats de bus, b\u00e2timents, arbres, pi\u00e9tons, panneau stop et de direction, etc.<\/em>), et en les d\u00e9composant en 3 phases.<\/p>\n\n\n\n<ol class=\"wp-block-list\">\n<li>J&#8217;avais tout d&#8217;abord identifi\u00e9 une premi\u00e8re phase, o\u00f9 le trajet s&#8217;effectuait globalement aux abords de routes et de ronds points. J&#8217;ai tent\u00e9 d&#8217;y repr\u00e9senter les ruptures que j&#8217;ai pu relever dans les paroles de l&#8217;enregistrement audio, avec notamment le fait de devoir traverser des routes.<\/li>\n\n\n\n<li>Ensuite, j&#8217;ai repr\u00e9sent\u00e9 une seconde phase o\u00f9 le trajet d\u00e9notait du cadre pr\u00e9c\u00e9dent, puisqu&#8217;il se poursuivait vers un chemin de terre et une sorte de parc.<\/li>\n\n\n\n<li>Pour finir, j&#8217;ai identifi\u00e9 une troisi\u00e8me phase o\u00f9 le trajet se d\u00e9roulait \u00e0 nouveau pr\u00e8s de la route, et avec diff\u00e9rentes caract\u00e9ristiques urbaines notables (des entrep\u00f4ts, un tr\u00e8s grand parking, un chantier, etc.) <\/li>\n<\/ol>\n\n\n\n<p>C&#8217;est pour toutes ces raisons que je n&#8217;ai pas ressenti le besoin d&#8217;effectuer une seconde cartographie avec le fond de carte. Etant donn\u00e9 que je m&#8217;\u00e9tais appliqu\u00e9 \u00e0 relever le plus pr\u00e9cis\u00e9ment possible le d\u00e9roulement du trajet avec des notes \u00e9crites, j&#8217;aurais \u00e9galement voulu d\u00e9composer le trajet en 3 phases et avec les m\u00eames repr\u00e9sentations graphiques. Dans le cadre de l&#8217;exercice, je trouvais plus int\u00e9ressant de tenter de penser le trajet en phases afin de produire une carte &#8220;analytique&#8221;, plut\u00f4t que de retracer le trajet complet dans son ensemble. Je pense que le fait d&#8217;utiliser un phasage permet de faire ressortir les points importants que l&#8217;on souhaite montrer (c&#8217;est en quelque sorte le discours que l&#8217;on souhaite transmettre via sa production), et que la repr\u00e9sentation totale du trajet aurait pu &#8220;noyer&#8221; certaines informations importantes parmi d&#8217;autres que l&#8217;on peut consid\u00e9rer comme secondaires.<\/p>\n\n\n\n<div data-wp-interactive=\"core\/file\" class=\"wp-block-file\"><object data-wp-bind--hidden=\"!state.hasPdfPreview\" hidden class=\"wp-block-file__embed\" data=\"http:\/\/psig.huma-num.fr\/cartes-sensibles\/wp-content\/uploads\/2022\/11\/carto-sensible-2.pdf\" type=\"application\/pdf\" style=\"width:100%;height:600px\" aria-label=\"Contenu embarqu\u00e9 carto-sensible-2.\"><\/object><a id=\"wp-block-file--media-0a6b55c2-b7fc-4136-a19d-813d8749f70c\" href=\"http:\/\/psig.huma-num.fr\/cartes-sensibles\/wp-content\/uploads\/2022\/11\/carto-sensible-2.pdf\">carto-sensible-2<\/a><a href=\"http:\/\/psig.huma-num.fr\/cartes-sensibles\/wp-content\/uploads\/2022\/11\/carto-sensible-2.pdf\" class=\"wp-block-file__button wp-element-button\" download aria-describedby=\"wp-block-file--media-0a6b55c2-b7fc-4136-a19d-813d8749f70c\">T\u00e9l\u00e9charger<\/a><\/div>\n","protected":false},"excerpt":{"rendered":"<p>Lors de cet exercice, nous devions \u00e9couter un enregistrement audio de 20 minutes et tenter de le retranscrire de mani\u00e8re cartographique. Pour ce faire, j&#8217;ai \u00e9cout\u00e9 l&#8217;enregistrement en tentant de prendre des notes les plus pr\u00e9cises possibles afin de m&#8217;aider dans la repr\u00e9sentation cartographique. Je ne sais pas si c&#8217;est \u00e0 cause de mon parcours &hellip; <a href=\"http:\/\/psig.huma-num.fr\/cartes-sensibles\/exercice-cartographique-velo-ys\/\" class=\"more-link\">Continuer la lecture de <span class=\"screen-reader-text\">Exercice cartographique \u201cV\u00e9lo\u201d \u2013 Y.S.<\/span>  <span class=\"meta-nav\">&rarr;<\/span><\/a><\/p>\n","protected":false},"author":2,"featured_media":0,"comment_status":"open","ping_status":"open","sticky":false,"template":"","format":"standard","meta":{"footnotes":""},"categories":[45],"tags":[],"class_list":["post-952","post","type-post","status-publish","format-standard","hentry","category-carto-velo-eup-2022"],"_links":{"self":[{"href":"http:\/\/psig.huma-num.fr\/cartes-sensibles\/wp-json\/wp\/v2\/posts\/952","targetHints":{"allow":["GET"]}}],"collection":[{"href":"http:\/\/psig.huma-num.fr\/cartes-sensibles\/wp-json\/wp\/v2\/posts"}],"about":[{"href":"http:\/\/psig.huma-num.fr\/cartes-sensibles\/wp-json\/wp\/v2\/types\/post"}],"author":[{"embeddable":true,"href":"http:\/\/psig.huma-num.fr\/cartes-sensibles\/wp-json\/wp\/v2\/users\/2"}],"replies":[{"embeddable":true,"href":"http:\/\/psig.huma-num.fr\/cartes-sensibles\/wp-json\/wp\/v2\/comments?post=952"}],"version-history":[{"count":2,"href":"http:\/\/psig.huma-num.fr\/cartes-sensibles\/wp-json\/wp\/v2\/posts\/952\/revisions"}],"predecessor-version":[{"id":1144,"href":"http:\/\/psig.huma-num.fr\/cartes-sensibles\/wp-json\/wp\/v2\/posts\/952\/revisions\/1144"}],"wp:attachment":[{"href":"http:\/\/psig.huma-num.fr\/cartes-sensibles\/wp-json\/wp\/v2\/media?parent=952"}],"wp:term":[{"taxonomy":"category","embeddable":true,"href":"http:\/\/psig.huma-num.fr\/cartes-sensibles\/wp-json\/wp\/v2\/categories?post=952"},{"taxonomy":"post_tag","embeddable":true,"href":"http:\/\/psig.huma-num.fr\/cartes-sensibles\/wp-json\/wp\/v2\/tags?post=952"}],"curies":[{"name":"wp","href":"https:\/\/api.w.org\/{rel}","templated":true}]}}