{"id":966,"date":"2022-11-10T12:02:41","date_gmt":"2022-11-10T11:02:41","guid":{"rendered":"http:\/\/psig.huma-num.fr\/cartes-sensibles\/?p=966"},"modified":"2023-08-30T15:49:20","modified_gmt":"2023-08-30T13:49:20","slug":"perceptions-avant-et-apres-le-module-velo-ma","status":"publish","type":"post","link":"http:\/\/psig.huma-num.fr\/cartes-sensibles\/perceptions-avant-et-apres-le-module-velo-ma\/","title":{"rendered":"Cartographie incr\u00e9mentale &#8220;V\u00e9lo&#8221; : M.A."},"content":{"rendered":"\n<figure class=\"wp-block-image size-full is-resized\"><img loading=\"lazy\" decoding=\"async\" src=\"http:\/\/psig.huma-num.fr\/cartes-sensibles\/wp-content\/uploads\/2022\/11\/image-1.png\" alt=\"\" class=\"wp-image-967\" style=\"width:800px;height:536px\" width=\"800\" height=\"536\"\/><\/figure>\n\n\n\n<figure class=\"wp-block-image size-full\"><img loading=\"lazy\" decoding=\"async\" width=\"703\" height=\"520\" src=\"http:\/\/psig.huma-num.fr\/cartes-sensibles\/wp-content\/uploads\/2022\/11\/image-3.png\" alt=\"\" class=\"wp-image-969\"\/><\/figure>\n\n\n\n<p>Le campus de la cit\u00e9 Descartes m\u2019est tr\u00e8s famili\u00e9 puisque j\u2019ai r\u00e9alis\u00e9 mes trois ann\u00e9es de licence pr\u00e9c\u00e9dant mon master ici. N\u00e9anmoins, on peut observer certaines diff\u00e9rences entre mes deux cartes sensibles en termes de perception des lieux. En effet, n\u2019utilisant pas le v\u00e9lo, j\u2019ai remarqu\u00e9 gr\u00e2ce au module les endroits plus difficilement pratiquables, voire dangereux. De plus, me rendant rapidement sur les lieux le matin, la t\u00eate baiss\u00e9e, les \u00e9couteurs dans les oreilles, je ne remarquais pas n\u00e9cessairement les bruits qui m\u2019entouraient mais aussi les lieux v\u00e9g\u00e9talis\u00e9s ou non, les bosses, etc. C\u2019est apr\u00e8s l\u2019\u00e9coute du parcours \u00e0 v\u00e9lo que j\u2019ai r\u00e9alis\u00e9 qu\u2019il y avait effectivement un chantier \u00e0 l\u2019ESIEE ou pour la piscine, car je n\u2019y pr\u00eatais m\u00eame plus attention depuis le temps. Enfin, cet audio m\u2019a permis de me rendre compte de l\u2019affluence des lieux, en termes de pr\u00e9sence automobile et\/ou \u00e9tudiante. Le fait d\u2019utiliser un mode de d\u00e9placement diff\u00e9rent de la marche modifie les perceptions qu\u2019on a du campus. Le fait de ne plus passer par le RER et de traverser le campus jusqu&#8217;\u00e0 Bois de l&#8217;Etang depuis cette ann\u00e9e modifie \u00e9galement les lieux que je parcours ainsi que ma perception de ceux-ci<\/p>\n\n\n\n<p><\/p>\n\n\n\n<figure class=\"wp-block-image size-full\"><img loading=\"lazy\" decoding=\"async\" width=\"1449\" height=\"1015\" src=\"http:\/\/psig.huma-num.fr\/cartes-sensibles\/wp-content\/uploads\/2022\/12\/image.png\" alt=\"\" class=\"wp-image-1060\"\/><\/figure>\n","protected":false},"excerpt":{"rendered":"<p>Le campus de la cit\u00e9 Descartes m\u2019est tr\u00e8s famili\u00e9 puisque j\u2019ai r\u00e9alis\u00e9 mes trois ann\u00e9es de licence pr\u00e9c\u00e9dant mon master ici. N\u00e9anmoins, on peut observer certaines diff\u00e9rences entre mes deux cartes sensibles en termes de perception des lieux. En effet, n\u2019utilisant pas le v\u00e9lo, j\u2019ai remarqu\u00e9 gr\u00e2ce au module les endroits plus difficilement pratiquables, voire &hellip; <a href=\"http:\/\/psig.huma-num.fr\/cartes-sensibles\/perceptions-avant-et-apres-le-module-velo-ma\/\" class=\"more-link\">Continuer la lecture de <span class=\"screen-reader-text\">Cartographie incr\u00e9mentale &#8220;V\u00e9lo&#8221; : M.A.<\/span>  <span class=\"meta-nav\">&rarr;<\/span><\/a><\/p>\n","protected":false},"author":2,"featured_media":0,"comment_status":"open","ping_status":"open","sticky":false,"template":"","format":"standard","meta":{"footnotes":""},"categories":[46],"tags":[],"class_list":["post-966","post","type-post","status-publish","format-standard","hentry","category-carto-incrementale-cite-descartes"],"_links":{"self":[{"href":"http:\/\/psig.huma-num.fr\/cartes-sensibles\/wp-json\/wp\/v2\/posts\/966","targetHints":{"allow":["GET"]}}],"collection":[{"href":"http:\/\/psig.huma-num.fr\/cartes-sensibles\/wp-json\/wp\/v2\/posts"}],"about":[{"href":"http:\/\/psig.huma-num.fr\/cartes-sensibles\/wp-json\/wp\/v2\/types\/post"}],"author":[{"embeddable":true,"href":"http:\/\/psig.huma-num.fr\/cartes-sensibles\/wp-json\/wp\/v2\/users\/2"}],"replies":[{"embeddable":true,"href":"http:\/\/psig.huma-num.fr\/cartes-sensibles\/wp-json\/wp\/v2\/comments?post=966"}],"version-history":[{"count":5,"href":"http:\/\/psig.huma-num.fr\/cartes-sensibles\/wp-json\/wp\/v2\/posts\/966\/revisions"}],"predecessor-version":[{"id":1151,"href":"http:\/\/psig.huma-num.fr\/cartes-sensibles\/wp-json\/wp\/v2\/posts\/966\/revisions\/1151"}],"wp:attachment":[{"href":"http:\/\/psig.huma-num.fr\/cartes-sensibles\/wp-json\/wp\/v2\/media?parent=966"}],"wp:term":[{"taxonomy":"category","embeddable":true,"href":"http:\/\/psig.huma-num.fr\/cartes-sensibles\/wp-json\/wp\/v2\/categories?post=966"},{"taxonomy":"post_tag","embeddable":true,"href":"http:\/\/psig.huma-num.fr\/cartes-sensibles\/wp-json\/wp\/v2\/tags?post=966"}],"curies":[{"name":"wp","href":"https:\/\/api.w.org\/{rel}","templated":true}]}}