{"id":971,"date":"2022-11-10T14:15:00","date_gmt":"2022-11-10T13:15:00","guid":{"rendered":"http:\/\/psig.huma-num.fr\/cartes-sensibles\/?p=971"},"modified":"2023-08-30T15:52:35","modified_gmt":"2023-08-30T13:52:35","slug":"cartographie-du-site-cite-descartes","status":"publish","type":"post","link":"http:\/\/psig.huma-num.fr\/cartes-sensibles\/cartographie-du-site-cite-descartes\/","title":{"rendered":"Cartographie du site Cit\u00e9 Descartes &#8211; Ma.A."},"content":{"rendered":"\n<p>R\u00e9alis\u00e9 le 10\/11\/2022 en 40 minutes par Mathilde Araudeau<\/p>\n\n\n\n<figure class=\"wp-block-image size-full\"><img loading=\"lazy\" decoding=\"async\" width=\"1395\" height=\"656\" src=\"http:\/\/psig.huma-num.fr\/cartes-sensibles\/wp-content\/uploads\/2022\/11\/carte-sensible-1-cite-descartes.png\" alt=\"\" class=\"wp-image-972\"\/><\/figure>\n\n\n\n<figure class=\"wp-block-image size-full\"><img loading=\"lazy\" decoding=\"async\" width=\"1630\" height=\"677\" src=\"http:\/\/psig.huma-num.fr\/cartes-sensibles\/wp-content\/uploads\/2022\/11\/Carte-2-ajout-velo.png\" alt=\"\" class=\"wp-image-973\"\/><\/figure>\n\n\n\n<p>Pour chacune de mes cartes, j&#8217;ai choisi de mettre des images en 3D ou des photographies. Ce choix r\u00e9v\u00e8le que pour moi, une exp\u00e9rience d&#8217;un lieu est multi dimensionnel (go\u00fbt, ambiance, physiologique&#8230;).<\/p>\n","protected":false},"excerpt":{"rendered":"<p>R\u00e9alis\u00e9 le 10\/11\/2022 en 40 minutes par Mathilde Araudeau Pour chacune de mes cartes, j&#8217;ai choisi de mettre des images en 3D ou des photographies. Ce choix r\u00e9v\u00e8le que pour moi, une exp\u00e9rience d&#8217;un lieu est multi dimensionnel (go\u00fbt, ambiance, physiologique&#8230;).<\/p>\n","protected":false},"author":2,"featured_media":0,"comment_status":"open","ping_status":"open","sticky":false,"template":"","format":"standard","meta":{"footnotes":""},"categories":[46],"tags":[],"class_list":["post-971","post","type-post","status-publish","format-standard","hentry","category-carto-incrementale-cite-descartes"],"_links":{"self":[{"href":"http:\/\/psig.huma-num.fr\/cartes-sensibles\/wp-json\/wp\/v2\/posts\/971","targetHints":{"allow":["GET"]}}],"collection":[{"href":"http:\/\/psig.huma-num.fr\/cartes-sensibles\/wp-json\/wp\/v2\/posts"}],"about":[{"href":"http:\/\/psig.huma-num.fr\/cartes-sensibles\/wp-json\/wp\/v2\/types\/post"}],"author":[{"embeddable":true,"href":"http:\/\/psig.huma-num.fr\/cartes-sensibles\/wp-json\/wp\/v2\/users\/2"}],"replies":[{"embeddable":true,"href":"http:\/\/psig.huma-num.fr\/cartes-sensibles\/wp-json\/wp\/v2\/comments?post=971"}],"version-history":[{"count":4,"href":"http:\/\/psig.huma-num.fr\/cartes-sensibles\/wp-json\/wp\/v2\/posts\/971\/revisions"}],"predecessor-version":[{"id":1152,"href":"http:\/\/psig.huma-num.fr\/cartes-sensibles\/wp-json\/wp\/v2\/posts\/971\/revisions\/1152"}],"wp:attachment":[{"href":"http:\/\/psig.huma-num.fr\/cartes-sensibles\/wp-json\/wp\/v2\/media?parent=971"}],"wp:term":[{"taxonomy":"category","embeddable":true,"href":"http:\/\/psig.huma-num.fr\/cartes-sensibles\/wp-json\/wp\/v2\/categories?post=971"},{"taxonomy":"post_tag","embeddable":true,"href":"http:\/\/psig.huma-num.fr\/cartes-sensibles\/wp-json\/wp\/v2\/tags?post=971"}],"curies":[{"name":"wp","href":"https:\/\/api.w.org\/{rel}","templated":true}]}}